{"id":1472,"date":"2019-07-18T10:02:45","date_gmt":"2019-07-18T10:02:45","guid":{"rendered":"https:\/\/www.sacrecoeurvercel.com\/?p=1472"},"modified":"2019-08-20T10:00:22","modified_gmt":"2019-08-20T10:00:22","slug":"notre-etablissement-sera-ferme-le-jeudi-18-juillet-a-16h30et-rouvrira-le-lundi-26-aout-des-9h00-nous-souhaitons-de-bonnes-vacances-a-tous","status":"publish","type":"post","link":"https:\/\/www.sacrecoeurvercel.com\/index.php\/2019\/07\/18\/notre-etablissement-sera-ferme-le-jeudi-18-juillet-a-16h30et-rouvrira-le-lundi-26-aout-des-9h00-nous-souhaitons-de-bonnes-vacances-a-tous\/","title":{"rendered":"Notre \u00e9tablissement sera ferm\u00e9 le jeudi 18 Juillet \u00e0 16h30,et r\u00e9ouvrira le lundi 26 Ao\u00fbt d\u00e8s 9h00.                    Nous souhaitons de bonnes vacances \u00e0 tous!"},"content":{"rendered":"\n<ul class=\"is-layout-flex wp-block-gallery-1 wp-block-gallery columns-0 is-cropped\"><\/ul>\n","protected":false},"excerpt":{"rendered":"","protected":false},"author":8,"featured_media":1475,"comment_status":"closed","ping_status":"closed","sticky":false,"template":"","format":"standard","meta":[],"categories":[7,4,6],"tags":[],"_links":{"self":[{"href":"https:\/\/www.sacrecoeurvercel.com\/index.php\/wp-json\/wp\/v2\/posts\/1472"}],"collection":[{"href":"https:\/\/www.sacrecoeurvercel.com\/index.php\/wp-json\/wp\/v2\/posts"}],"about":[{"href":"https:\/\/www.sacrecoeurvercel.com\/index.php\/wp-json\/wp\/v2\/types\/post"}],"author":[{"embeddable":true,"href":"https:\/\/www.sacrecoeurvercel.com\/index.php\/wp-json\/wp\/v2\/users\/8"}],"replies":[{"embeddable":true,"href":"https:\/\/www.sacrecoeurvercel.com\/index.php\/wp-json\/wp\/v2\/comments?post=1472"}],"version-history":[{"count":4,"href":"https:\/\/www.sacrecoeurvercel.com\/index.php\/wp-json\/wp\/v2\/posts\/1472\/revisions"}],"predecessor-version":[{"id":1608,"href":"https:\/\/www.sacrecoeurvercel.com\/index.php\/wp-json\/wp\/v2\/posts\/1472\/revisions\/1608"}],"wp:featuredmedia":[{"embeddable":true,"href":"https:\/\/www.sacrecoeurvercel.com\/index.php\/wp-json\/wp\/v2\/media\/1475"}],"wp:attachment":[{"href":"https:\/\/www.sacrecoeurvercel.com\/index.php\/wp-json\/wp\/v2\/media?parent=1472"}],"wp:term":[{"taxonomy":"category","embeddable":true,"href":"https:\/\/www.sacrecoeurvercel.com\/index.php\/wp-json\/wp\/v2\/categories?post=1472"},{"taxonomy":"post_tag","embeddable":true,"href":"https:\/\/www.sacrecoeurvercel.com\/index.php\/wp-json\/wp\/v2\/tags?post=1472"}],"curies":[{"name":"wp","href":"https:\/\/api.w.org\/{rel}","templated":true}]}}