{"id":1478,"date":"2019-07-18T10:15:03","date_gmt":"2019-07-18T10:15:03","guid":{"rendered":"https:\/\/www.sacrecoeurvercel.com\/?p=1478"},"modified":"2019-07-23T13:21:47","modified_gmt":"2019-07-23T13:21:47","slug":"quelques-photos-des-eleves-de-primaire-pendant-la-periode-de-la-canicule-on-se-rafraichit-a-lombre-pour-notre-dernier-jour-decole-en-pique-niquant-sous-les-arbres-et-en-terminant-avec-un-glac","status":"publish","type":"post","link":"https:\/\/www.sacrecoeurvercel.com\/index.php\/2019\/07\/18\/quelques-photos-des-eleves-de-primaire-pendant-la-periode-de-la-canicule-on-se-rafraichit-a-lombre-pour-notre-dernier-jour-decole-en-pique-niquant-sous-les-arbres-et-en-terminant-avec-un-glac\/","title":{"rendered":"Canicule"},"content":{"rendered":"\n<p>Quelques photos des \u00e9l\u00e8ves de primaire\u2026 pendant la p\u00e9riode de la canicule! On se rafraichit \u00e0 l&rsquo;ombre pour notre dernier jour d&rsquo;\u00e9cole, en pique niquant sous les arbres et en terminant avec une glace!<\/p>\n\n\n\n<figure class=\"wp-block-image\"><a href=\"https:\/\/www.sacrecoeurvercel.com\/wp-content\/uploads\/2019\/07\/67054120_644167009435106_1758785534299209728_o-1.jpg\"><img decoding=\"async\" loading=\"lazy\" width=\"1024\" height=\"768\" src=\"https:\/\/www.sacrecoeurvercel.com\/wp-content\/uploads\/2019\/07\/67054120_644167009435106_1758785534299209728_o-1-1024x768.jpg\" alt=\"\" class=\"wp-image-1481\" srcset=\"https:\/\/www.sacrecoeurvercel.com\/wp-content\/uploads\/2019\/07\/67054120_644167009435106_1758785534299209728_o-1-1024x768.jpg 1024w, https:\/\/www.sacrecoeurvercel.com\/wp-content\/uploads\/2019\/07\/67054120_644167009435106_1758785534299209728_o-1-300x225.jpg 300w, https:\/\/www.sacrecoeurvercel.com\/wp-content\/uploads\/2019\/07\/67054120_644167009435106_1758785534299209728_o-1-768x576.jpg 768w, https:\/\/www.sacrecoeurvercel.com\/wp-content\/uploads\/2019\/07\/67054120_644167009435106_1758785534299209728_o-1.jpg 2048w\" sizes=\"(max-width: 1024px) 100vw, 1024px\" \/><\/a><\/figure>\n\n\n\n<figure class=\"wp-block-image\"><a href=\"https:\/\/www.sacrecoeurvercel.com\/wp-content\/uploads\/2019\/07\/67099329_644167076101766_4141902066094178304_o.jpg\"><img decoding=\"async\" loading=\"lazy\" width=\"1024\" height=\"768\" src=\"https:\/\/www.sacrecoeurvercel.com\/wp-content\/uploads\/2019\/07\/67099329_644167076101766_4141902066094178304_o-1024x768.jpg\" alt=\"\" class=\"wp-image-1482\" srcset=\"https:\/\/www.sacrecoeurvercel.com\/wp-content\/uploads\/2019\/07\/67099329_644167076101766_4141902066094178304_o-1024x768.jpg 1024w, https:\/\/www.sacrecoeurvercel.com\/wp-content\/uploads\/2019\/07\/67099329_644167076101766_4141902066094178304_o-300x225.jpg 300w, https:\/\/www.sacrecoeurvercel.com\/wp-content\/uploads\/2019\/07\/67099329_644167076101766_4141902066094178304_o-768x576.jpg 768w, https:\/\/www.sacrecoeurvercel.com\/wp-content\/uploads\/2019\/07\/67099329_644167076101766_4141902066094178304_o.jpg 2048w\" sizes=\"(max-width: 1024px) 100vw, 1024px\" \/><\/a><\/figure>\n","protected":false},"excerpt":{"rendered":"<p>Quelques photos des \u00e9l\u00e8ves de primaire\u2026 pendant la p\u00e9riode de la canicule! On se rafraichit \u00e0 l&rsquo;ombre pour notre dernier jour d&rsquo;\u00e9cole, en pique niquant sous les arbres et en terminant avec une glace!<\/p>\n","protected":false},"author":8,"featured_media":1574,"comment_status":"closed","ping_status":"closed","sticky":false,"template":"","format":"standard","meta":[],"categories":[4,6],"tags":[],"_links":{"self":[{"href":"https:\/\/www.sacrecoeurvercel.com\/index.php\/wp-json\/wp\/v2\/posts\/1478"}],"collection":[{"href":"https:\/\/www.sacrecoeurvercel.com\/index.php\/wp-json\/wp\/v2\/posts"}],"about":[{"href":"https:\/\/www.sacrecoeurvercel.com\/index.php\/wp-json\/wp\/v2\/types\/post"}],"author":[{"embeddable":true,"href":"https:\/\/www.sacrecoeurvercel.com\/index.php\/wp-json\/wp\/v2\/users\/8"}],"replies":[{"embeddable":true,"href":"https:\/\/www.sacrecoeurvercel.com\/index.php\/wp-json\/wp\/v2\/comments?post=1478"}],"version-history":[{"count":3,"href":"https:\/\/www.sacrecoeurvercel.com\/index.php\/wp-json\/wp\/v2\/posts\/1478\/revisions"}],"predecessor-version":[{"id":1550,"href":"https:\/\/www.sacrecoeurvercel.com\/index.php\/wp-json\/wp\/v2\/posts\/1478\/revisions\/1550"}],"wp:featuredmedia":[{"embeddable":true,"href":"https:\/\/www.sacrecoeurvercel.com\/index.php\/wp-json\/wp\/v2\/media\/1574"}],"wp:attachment":[{"href":"https:\/\/www.sacrecoeurvercel.com\/index.php\/wp-json\/wp\/v2\/media?parent=1478"}],"wp:term":[{"taxonomy":"category","embeddable":true,"href":"https:\/\/www.sacrecoeurvercel.com\/index.php\/wp-json\/wp\/v2\/categories?post=1478"},{"taxonomy":"post_tag","embeddable":true,"href":"https:\/\/www.sacrecoeurvercel.com\/index.php\/wp-json\/wp\/v2\/tags?post=1478"}],"curies":[{"name":"wp","href":"https:\/\/api.w.org\/{rel}","templated":true}]}}