{"id":1653,"date":"2019-09-19T12:16:14","date_gmt":"2019-09-19T12:16:14","guid":{"rendered":"https:\/\/www.sacrecoeurvercel.com\/?p=1653"},"modified":"2020-02-20T12:53:51","modified_gmt":"2020-02-20T12:53:51","slug":"chorale-du-sacre-coeur","status":"publish","type":"post","link":"https:\/\/www.sacrecoeurvercel.com\/index.php\/2019\/09\/19\/chorale-du-sacre-coeur\/","title":{"rendered":"Chorale du sacr\u00e9 Coeur"},"content":{"rendered":"\n<p>\nNous vous pr\u00e9sentons la chorale du Groupe scolaire du Sacr\u00e9 Coeur de Vercel, qui chante pour plusieurs occasions:<br> \u00c9glises, h\u00f4pitaux, et qui a m\u00eame particip\u00e9 au clip de Lilian Renaud, On en verra encore! F\u00e9licitations \u00e0 eux et leur professeur Mme Z\u00e9halo !\n\n<\/p>\n","protected":false},"excerpt":{"rendered":"<p>Nous vous pr\u00e9sentons la chorale du Groupe scolaire du Sacr\u00e9 Coeur de Vercel, qui chante pour plusieurs occasions: \u00c9glises, h\u00f4pitaux, et qui a m\u00eame particip\u00e9 au clip de Lilian Renaud, On en verra encore! F\u00e9licitations&#8230;<\/p>\n","protected":false},"author":8,"featured_media":1654,"comment_status":"closed","ping_status":"closed","sticky":false,"template":"","format":"standard","meta":[],"categories":[7,4,6,31,12],"tags":[],"_links":{"self":[{"href":"https:\/\/www.sacrecoeurvercel.com\/index.php\/wp-json\/wp\/v2\/posts\/1653"}],"collection":[{"href":"https:\/\/www.sacrecoeurvercel.com\/index.php\/wp-json\/wp\/v2\/posts"}],"about":[{"href":"https:\/\/www.sacrecoeurvercel.com\/index.php\/wp-json\/wp\/v2\/types\/post"}],"author":[{"embeddable":true,"href":"https:\/\/www.sacrecoeurvercel.com\/index.php\/wp-json\/wp\/v2\/users\/8"}],"replies":[{"embeddable":true,"href":"https:\/\/www.sacrecoeurvercel.com\/index.php\/wp-json\/wp\/v2\/comments?post=1653"}],"version-history":[{"count":2,"href":"https:\/\/www.sacrecoeurvercel.com\/index.php\/wp-json\/wp\/v2\/posts\/1653\/revisions"}],"predecessor-version":[{"id":1713,"href":"https:\/\/www.sacrecoeurvercel.com\/index.php\/wp-json\/wp\/v2\/posts\/1653\/revisions\/1713"}],"wp:featuredmedia":[{"embeddable":true,"href":"https:\/\/www.sacrecoeurvercel.com\/index.php\/wp-json\/wp\/v2\/media\/1654"}],"wp:attachment":[{"href":"https:\/\/www.sacrecoeurvercel.com\/index.php\/wp-json\/wp\/v2\/media?parent=1653"}],"wp:term":[{"taxonomy":"category","embeddable":true,"href":"https:\/\/www.sacrecoeurvercel.com\/index.php\/wp-json\/wp\/v2\/categories?post=1653"},{"taxonomy":"post_tag","embeddable":true,"href":"https:\/\/www.sacrecoeurvercel.com\/index.php\/wp-json\/wp\/v2\/tags?post=1653"}],"curies":[{"name":"wp","href":"https:\/\/api.w.org\/{rel}","templated":true}]}}