{"id":1664,"date":"2019-09-30T20:00:19","date_gmt":"2019-09-30T20:00:19","guid":{"rendered":"https:\/\/www.sacrecoeurvercel.com\/?p=1664"},"modified":"2019-10-14T13:20:28","modified_gmt":"2019-10-14T13:20:28","slug":"sortie-des-moyennes-sections","status":"publish","type":"post","link":"https:\/\/www.sacrecoeurvercel.com\/index.php\/2019\/09\/30\/sortie-des-moyennes-sections\/","title":{"rendered":"Sortie des Moyennes Sections"},"content":{"rendered":"\n<p> Tous les enfants de maternelle de notre \u00e9cole travaille sur le th\u00e8me de \u00ab\u00a0la  pomme\u00a0\u00bb pendant la 1\u00e8re p\u00e9riode de cette ann\u00e9e scolaire. A cette  occasion, les enfants de la classe de Moyenne Section se sont rendus  chez Mme MULLER pour d\u00e9couvrir un pommier et ses fruits. Pour joindre  l&rsquo;utile \u00e0 l&rsquo;agr\u00e9able, Mme MULLER a offert du g\u00e2teau aux pommes et du jus  de pommes. Petits et grands se sont r\u00e9gal\u00e9s. Un grand merci \u00e0 Mme  MULLER pour son accueil!<\/p>\n\n\n\n<ul class=\"is-layout-flex wp-block-gallery-1 wp-block-gallery columns-3 is-cropped\"><li class=\"blocks-gallery-item\"><figure><img decoding=\"async\" loading=\"lazy\" width=\"448\" height=\"336\" src=\"https:\/\/www.sacrecoeurvercel.com\/wp-content\/uploads\/2019\/10\/pomme-1.jpg\" alt=\"\" data-id=\"1731\" class=\"wp-image-1731\" srcset=\"https:\/\/www.sacrecoeurvercel.com\/wp-content\/uploads\/2019\/10\/pomme-1.jpg 448w, https:\/\/www.sacrecoeurvercel.com\/wp-content\/uploads\/2019\/10\/pomme-1-300x225.jpg 300w\" sizes=\"(max-width: 448px) 100vw, 448px\" \/><\/figure><\/li><li class=\"blocks-gallery-item\"><figure><img decoding=\"async\" loading=\"lazy\" width=\"448\" height=\"336\" src=\"https:\/\/www.sacrecoeurvercel.com\/wp-content\/uploads\/2019\/10\/pomme.jpg\" alt=\"\" data-id=\"1733\" data-link=\"https:\/\/www.sacrecoeurvercel.com\/index.php\/2019\/09\/30\/sortie-des-moyennes-sections\/pomme\/\" class=\"wp-image-1733\" srcset=\"https:\/\/www.sacrecoeurvercel.com\/wp-content\/uploads\/2019\/10\/pomme.jpg 448w, https:\/\/www.sacrecoeurvercel.com\/wp-content\/uploads\/2019\/10\/pomme-300x225.jpg 300w\" sizes=\"(max-width: 448px) 100vw, 448px\" \/><\/figure><\/li><li class=\"blocks-gallery-item\"><figure><img decoding=\"async\" loading=\"lazy\" width=\"448\" height=\"336\" src=\"https:\/\/www.sacrecoeurvercel.com\/wp-content\/uploads\/2019\/10\/pomme-2-1.jpg\" alt=\"\" data-id=\"1736\" data-link=\"https:\/\/www.sacrecoeurvercel.com\/index.php\/2019\/09\/30\/sortie-des-moyennes-sections\/pomme-2-1\/\" class=\"wp-image-1736\" srcset=\"https:\/\/www.sacrecoeurvercel.com\/wp-content\/uploads\/2019\/10\/pomme-2-1.jpg 448w, https:\/\/www.sacrecoeurvercel.com\/wp-content\/uploads\/2019\/10\/pomme-2-1-300x225.jpg 300w\" sizes=\"(max-width: 448px) 100vw, 448px\" \/><\/figure><\/li><\/ul>\n","protected":false},"excerpt":{"rendered":"<p>Tous les enfants de maternelle de notre \u00e9cole travaille sur le th\u00e8me de \u00ab\u00a0la pomme\u00a0\u00bb pendant la 1\u00e8re p\u00e9riode de cette ann\u00e9e scolaire. A cette occasion, les enfants de la classe de Moyenne Section se&#8230;<\/p>\n","protected":false},"author":8,"featured_media":1734,"comment_status":"closed","ping_status":"closed","sticky":false,"template":"","format":"standard","meta":[],"categories":[4,6],"tags":[],"_links":{"self":[{"href":"https:\/\/www.sacrecoeurvercel.com\/index.php\/wp-json\/wp\/v2\/posts\/1664"}],"collection":[{"href":"https:\/\/www.sacrecoeurvercel.com\/index.php\/wp-json\/wp\/v2\/posts"}],"about":[{"href":"https:\/\/www.sacrecoeurvercel.com\/index.php\/wp-json\/wp\/v2\/types\/post"}],"author":[{"embeddable":true,"href":"https:\/\/www.sacrecoeurvercel.com\/index.php\/wp-json\/wp\/v2\/users\/8"}],"replies":[{"embeddable":true,"href":"https:\/\/www.sacrecoeurvercel.com\/index.php\/wp-json\/wp\/v2\/comments?post=1664"}],"version-history":[{"count":3,"href":"https:\/\/www.sacrecoeurvercel.com\/index.php\/wp-json\/wp\/v2\/posts\/1664\/revisions"}],"predecessor-version":[{"id":1737,"href":"https:\/\/www.sacrecoeurvercel.com\/index.php\/wp-json\/wp\/v2\/posts\/1664\/revisions\/1737"}],"wp:featuredmedia":[{"embeddable":true,"href":"https:\/\/www.sacrecoeurvercel.com\/index.php\/wp-json\/wp\/v2\/media\/1734"}],"wp:attachment":[{"href":"https:\/\/www.sacrecoeurvercel.com\/index.php\/wp-json\/wp\/v2\/media?parent=1664"}],"wp:term":[{"taxonomy":"category","embeddable":true,"href":"https:\/\/www.sacrecoeurvercel.com\/index.php\/wp-json\/wp\/v2\/categories?post=1664"},{"taxonomy":"post_tag","embeddable":true,"href":"https:\/\/www.sacrecoeurvercel.com\/index.php\/wp-json\/wp\/v2\/tags?post=1664"}],"curies":[{"name":"wp","href":"https:\/\/api.w.org\/{rel}","templated":true}]}}