{"id":1683,"date":"2019-10-10T12:00:21","date_gmt":"2019-10-10T12:00:21","guid":{"rendered":"https:\/\/www.sacrecoeurvercel.com\/?p=1683"},"modified":"2019-10-22T11:11:20","modified_gmt":"2019-10-22T11:11:20","slug":"journee-spirituelle-avec-nos-eleves-de-3-ieme","status":"publish","type":"post","link":"https:\/\/www.sacrecoeurvercel.com\/index.php\/2019\/10\/10\/journee-spirituelle-avec-nos-eleves-de-3-ieme\/","title":{"rendered":"Journ\u00e9e spirituelle avec nos \u00e9l\u00e8ves de 3 i\u00e8me"},"content":{"rendered":"\n<ul class=\"is-layout-flex wp-block-gallery-1 wp-block-gallery columns-3 is-cropped\"><li class=\"blocks-gallery-item\"><figure><a href=\"https:\/\/www.sacrecoeurvercel.com\/wp-content\/uploads\/2019\/10\/P1120887.jpg\"><img decoding=\"async\" loading=\"lazy\" width=\"448\" height=\"336\" src=\"https:\/\/www.sacrecoeurvercel.com\/wp-content\/uploads\/2019\/10\/P1120887.jpg\" alt=\"\" data-id=\"1684\" class=\"wp-image-1684\" srcset=\"https:\/\/www.sacrecoeurvercel.com\/wp-content\/uploads\/2019\/10\/P1120887.jpg 448w, https:\/\/www.sacrecoeurvercel.com\/wp-content\/uploads\/2019\/10\/P1120887-300x225.jpg 300w\" sizes=\"(max-width: 448px) 100vw, 448px\" \/><\/a><\/figure><\/li><li class=\"blocks-gallery-item\"><figure><a href=\"https:\/\/www.sacrecoeurvercel.com\/wp-content\/uploads\/2019\/10\/P1120915.jpg\"><img decoding=\"async\" loading=\"lazy\" width=\"448\" height=\"336\" src=\"https:\/\/www.sacrecoeurvercel.com\/wp-content\/uploads\/2019\/10\/P1120915.jpg\" alt=\"\" data-id=\"1685\" data-link=\"https:\/\/www.sacrecoeurvercel.com\/?attachment_id=1685\" class=\"wp-image-1685\" srcset=\"https:\/\/www.sacrecoeurvercel.com\/wp-content\/uploads\/2019\/10\/P1120915.jpg 448w, https:\/\/www.sacrecoeurvercel.com\/wp-content\/uploads\/2019\/10\/P1120915-300x225.jpg 300w\" sizes=\"(max-width: 448px) 100vw, 448px\" \/><\/a><\/figure><\/li><li class=\"blocks-gallery-item\"><figure><a href=\"https:\/\/www.sacrecoeurvercel.com\/wp-content\/uploads\/2019\/10\/P1120913.jpg\"><img decoding=\"async\" loading=\"lazy\" width=\"336\" height=\"448\" src=\"https:\/\/www.sacrecoeurvercel.com\/wp-content\/uploads\/2019\/10\/P1120913.jpg\" alt=\"\" data-id=\"1687\" data-link=\"https:\/\/www.sacrecoeurvercel.com\/?attachment_id=1687\" class=\"wp-image-1687\" srcset=\"https:\/\/www.sacrecoeurvercel.com\/wp-content\/uploads\/2019\/10\/P1120913.jpg 336w, https:\/\/www.sacrecoeurvercel.com\/wp-content\/uploads\/2019\/10\/P1120913-225x300.jpg 225w\" sizes=\"(max-width: 336px) 100vw, 336px\" \/><\/a><\/figure><\/li><\/ul>\n\n\n\n<p>Journ\u00e9e spirituelle pour nos \u00e9l\u00e8ves de 3 i\u00e8me, avec visite guid\u00e9e de  l&rsquo;\u00e9glise du Sacr\u00e9 C\u0153ur d&rsquo;Audincourt ( avec de magnifiques vitraux)et  visite du mus\u00e9e de la n\u00e9gritude et des droits de l&rsquo;homme \u00e0 Champagney <\/p>\n\n\n\n<h2><\/h2>\n\n\n\n<h2><\/h2>\n","protected":false},"excerpt":{"rendered":"<p>Journ\u00e9e spirituelle pour nos \u00e9l\u00e8ves de 3 i\u00e8me, avec visite guid\u00e9e de l&rsquo;\u00e9glise du Sacr\u00e9 C\u0153ur d&rsquo;Audincourt ( avec de magnifiques vitraux)et visite du mus\u00e9e de la n\u00e9gritude et des droits de l&rsquo;homme \u00e0 Champagney<\/p>\n","protected":false},"author":8,"featured_media":1687,"comment_status":"closed","ping_status":"closed","sticky":false,"template":"","format":"standard","meta":[],"categories":[7,4,5,15],"tags":[],"_links":{"self":[{"href":"https:\/\/www.sacrecoeurvercel.com\/index.php\/wp-json\/wp\/v2\/posts\/1683"}],"collection":[{"href":"https:\/\/www.sacrecoeurvercel.com\/index.php\/wp-json\/wp\/v2\/posts"}],"about":[{"href":"https:\/\/www.sacrecoeurvercel.com\/index.php\/wp-json\/wp\/v2\/types\/post"}],"author":[{"embeddable":true,"href":"https:\/\/www.sacrecoeurvercel.com\/index.php\/wp-json\/wp\/v2\/users\/8"}],"replies":[{"embeddable":true,"href":"https:\/\/www.sacrecoeurvercel.com\/index.php\/wp-json\/wp\/v2\/comments?post=1683"}],"version-history":[{"count":3,"href":"https:\/\/www.sacrecoeurvercel.com\/index.php\/wp-json\/wp\/v2\/posts\/1683\/revisions"}],"predecessor-version":[{"id":1712,"href":"https:\/\/www.sacrecoeurvercel.com\/index.php\/wp-json\/wp\/v2\/posts\/1683\/revisions\/1712"}],"wp:featuredmedia":[{"embeddable":true,"href":"https:\/\/www.sacrecoeurvercel.com\/index.php\/wp-json\/wp\/v2\/media\/1687"}],"wp:attachment":[{"href":"https:\/\/www.sacrecoeurvercel.com\/index.php\/wp-json\/wp\/v2\/media?parent=1683"}],"wp:term":[{"taxonomy":"category","embeddable":true,"href":"https:\/\/www.sacrecoeurvercel.com\/index.php\/wp-json\/wp\/v2\/categories?post=1683"},{"taxonomy":"post_tag","embeddable":true,"href":"https:\/\/www.sacrecoeurvercel.com\/index.php\/wp-json\/wp\/v2\/tags?post=1683"}],"curies":[{"name":"wp","href":"https:\/\/api.w.org\/{rel}","templated":true}]}}