{"id":1692,"date":"2019-10-14T20:00:27","date_gmt":"2019-10-14T20:00:27","guid":{"rendered":"https:\/\/www.sacrecoeurvercel.com\/?p=1692"},"modified":"2019-10-22T11:10:52","modified_gmt":"2019-10-22T11:10:52","slug":"journee-spirituelle-pour-nos-eleves-de-5-ieme","status":"publish","type":"post","link":"https:\/\/www.sacrecoeurvercel.com\/index.php\/2019\/10\/14\/journee-spirituelle-pour-nos-eleves-de-5-ieme\/","title":{"rendered":"Journ\u00e9e spirituelle pour nos \u00e9l\u00e8ves de  5 i\u00e8me"},"content":{"rendered":"\n<ul class=\"is-layout-flex wp-block-gallery-1 wp-block-gallery columns-3 is-cropped\"><li class=\"blocks-gallery-item\"><figure><img decoding=\"async\" loading=\"lazy\" width=\"448\" height=\"336\" src=\"https:\/\/www.sacrecoeurvercel.com\/wp-content\/uploads\/2019\/10\/spi5.jpg\" alt=\"\" data-id=\"1693\" class=\"wp-image-1693\" srcset=\"https:\/\/www.sacrecoeurvercel.com\/wp-content\/uploads\/2019\/10\/spi5.jpg 448w, https:\/\/www.sacrecoeurvercel.com\/wp-content\/uploads\/2019\/10\/spi5-300x225.jpg 300w\" sizes=\"(max-width: 448px) 100vw, 448px\" \/><\/figure><\/li><li class=\"blocks-gallery-item\"><figure><img decoding=\"async\" loading=\"lazy\" width=\"336\" height=\"448\" src=\"https:\/\/www.sacrecoeurvercel.com\/wp-content\/uploads\/2019\/10\/spi.jpg\" alt=\"\" data-id=\"1694\" data-link=\"https:\/\/www.sacrecoeurvercel.com\/?attachment_id=1694\" class=\"wp-image-1694\" srcset=\"https:\/\/www.sacrecoeurvercel.com\/wp-content\/uploads\/2019\/10\/spi.jpg 336w, https:\/\/www.sacrecoeurvercel.com\/wp-content\/uploads\/2019\/10\/spi-225x300.jpg 225w\" sizes=\"(max-width: 336px) 100vw, 336px\" \/><\/figure><\/li><li class=\"blocks-gallery-item\"><figure><img decoding=\"async\" loading=\"lazy\" width=\"448\" height=\"336\" src=\"https:\/\/www.sacrecoeurvercel.com\/wp-content\/uploads\/2019\/10\/spi2.jpg\" alt=\"\" data-id=\"1695\" data-link=\"https:\/\/www.sacrecoeurvercel.com\/?attachment_id=1695\" class=\"wp-image-1695\" srcset=\"https:\/\/www.sacrecoeurvercel.com\/wp-content\/uploads\/2019\/10\/spi2.jpg 448w, https:\/\/www.sacrecoeurvercel.com\/wp-content\/uploads\/2019\/10\/spi2-300x225.jpg 300w\" sizes=\"(max-width: 448px) 100vw, 448px\" \/><\/figure><\/li><\/ul>\n\n\n\n<p>\nJourn\u00e9e spirituelle pour nos \u00e9l\u00e8ves de 5 ieme, \u00e0 Besan\u00e7on.<br> Visites des lieux cultes: cath\u00e9drale, mosqu\u00e9e et synagogue ainsi que l&rsquo;horloge astronomique.\n\n<\/p>\n","protected":false},"excerpt":{"rendered":"<p>Journ\u00e9e spirituelle pour nos \u00e9l\u00e8ves de 5 ieme, \u00e0 Besan\u00e7on. Visites des lieux cultes: cath\u00e9drale, mosqu\u00e9e et synagogue ainsi que l&rsquo;horloge astronomique.<\/p>\n","protected":false},"author":8,"featured_media":1693,"comment_status":"closed","ping_status":"closed","sticky":false,"template":"","format":"standard","meta":[],"categories":[7,4,5,15,22,1],"tags":[],"_links":{"self":[{"href":"https:\/\/www.sacrecoeurvercel.com\/index.php\/wp-json\/wp\/v2\/posts\/1692"}],"collection":[{"href":"https:\/\/www.sacrecoeurvercel.com\/index.php\/wp-json\/wp\/v2\/posts"}],"about":[{"href":"https:\/\/www.sacrecoeurvercel.com\/index.php\/wp-json\/wp\/v2\/types\/post"}],"author":[{"embeddable":true,"href":"https:\/\/www.sacrecoeurvercel.com\/index.php\/wp-json\/wp\/v2\/users\/8"}],"replies":[{"embeddable":true,"href":"https:\/\/www.sacrecoeurvercel.com\/index.php\/wp-json\/wp\/v2\/comments?post=1692"}],"version-history":[{"count":1,"href":"https:\/\/www.sacrecoeurvercel.com\/index.php\/wp-json\/wp\/v2\/posts\/1692\/revisions"}],"predecessor-version":[{"id":1696,"href":"https:\/\/www.sacrecoeurvercel.com\/index.php\/wp-json\/wp\/v2\/posts\/1692\/revisions\/1696"}],"wp:featuredmedia":[{"embeddable":true,"href":"https:\/\/www.sacrecoeurvercel.com\/index.php\/wp-json\/wp\/v2\/media\/1693"}],"wp:attachment":[{"href":"https:\/\/www.sacrecoeurvercel.com\/index.php\/wp-json\/wp\/v2\/media?parent=1692"}],"wp:term":[{"taxonomy":"category","embeddable":true,"href":"https:\/\/www.sacrecoeurvercel.com\/index.php\/wp-json\/wp\/v2\/categories?post=1692"},{"taxonomy":"post_tag","embeddable":true,"href":"https:\/\/www.sacrecoeurvercel.com\/index.php\/wp-json\/wp\/v2\/tags?post=1692"}],"curies":[{"name":"wp","href":"https:\/\/api.w.org\/{rel}","templated":true}]}}