{"id":1706,"date":"2019-10-21T21:00:31","date_gmt":"2019-10-21T21:00:31","guid":{"rendered":"https:\/\/www.sacrecoeurvercel.com\/?p=1706"},"modified":"2019-10-22T09:27:39","modified_gmt":"2019-10-22T09:27:39","slug":"elections-des-delegues-de-classe-du-primaire","status":"publish","type":"post","link":"https:\/\/www.sacrecoeurvercel.com\/index.php\/2019\/10\/21\/elections-des-delegues-de-classe-du-primaire\/","title":{"rendered":"\u00c9lections des d\u00e9l\u00e9gu\u00e9s de classe du primaire"},"content":{"rendered":"\n<figure class=\"wp-block-image\"><img decoding=\"async\" loading=\"lazy\" width=\"448\" height=\"336\" src=\"https:\/\/www.sacrecoeurvercel.com\/wp-content\/uploads\/2019\/10\/cdv_photo_001-1.jpg\" alt=\"\" class=\"wp-image-1707\" srcset=\"https:\/\/www.sacrecoeurvercel.com\/wp-content\/uploads\/2019\/10\/cdv_photo_001-1.jpg 448w, https:\/\/www.sacrecoeurvercel.com\/wp-content\/uploads\/2019\/10\/cdv_photo_001-1-300x225.jpg 300w\" sizes=\"(max-width: 448px) 100vw, 448px\" \/><\/figure>\n\n\n\n<p>Comme  chaque ann\u00e9e, les \u00e9l\u00e8ves du primaire \u00e9lisent les d\u00e9l\u00e9gu\u00e9s de classe pour les repr\u00e9senter toute l&rsquo;ann\u00e9e scolaire&#8230; f\u00e9licitations pour cette belle initiative ! <\/p>\n","protected":false},"excerpt":{"rendered":"<p>Comme chaque ann\u00e9e, les \u00e9l\u00e8ves du primaire \u00e9lisent les d\u00e9l\u00e9gu\u00e9s de classe pour les repr\u00e9senter toute l&rsquo;ann\u00e9e scolaire&#8230; f\u00e9licitations pour cette belle initiative !<\/p>\n","protected":false},"author":8,"featured_media":1707,"comment_status":"closed","ping_status":"closed","sticky":false,"template":"","format":"standard","meta":[],"categories":[4,6,1],"tags":[],"_links":{"self":[{"href":"https:\/\/www.sacrecoeurvercel.com\/index.php\/wp-json\/wp\/v2\/posts\/1706"}],"collection":[{"href":"https:\/\/www.sacrecoeurvercel.com\/index.php\/wp-json\/wp\/v2\/posts"}],"about":[{"href":"https:\/\/www.sacrecoeurvercel.com\/index.php\/wp-json\/wp\/v2\/types\/post"}],"author":[{"embeddable":true,"href":"https:\/\/www.sacrecoeurvercel.com\/index.php\/wp-json\/wp\/v2\/users\/8"}],"replies":[{"embeddable":true,"href":"https:\/\/www.sacrecoeurvercel.com\/index.php\/wp-json\/wp\/v2\/comments?post=1706"}],"version-history":[{"count":1,"href":"https:\/\/www.sacrecoeurvercel.com\/index.php\/wp-json\/wp\/v2\/posts\/1706\/revisions"}],"predecessor-version":[{"id":1708,"href":"https:\/\/www.sacrecoeurvercel.com\/index.php\/wp-json\/wp\/v2\/posts\/1706\/revisions\/1708"}],"wp:featuredmedia":[{"embeddable":true,"href":"https:\/\/www.sacrecoeurvercel.com\/index.php\/wp-json\/wp\/v2\/media\/1707"}],"wp:attachment":[{"href":"https:\/\/www.sacrecoeurvercel.com\/index.php\/wp-json\/wp\/v2\/media?parent=1706"}],"wp:term":[{"taxonomy":"category","embeddable":true,"href":"https:\/\/www.sacrecoeurvercel.com\/index.php\/wp-json\/wp\/v2\/categories?post=1706"},{"taxonomy":"post_tag","embeddable":true,"href":"https:\/\/www.sacrecoeurvercel.com\/index.php\/wp-json\/wp\/v2\/tags?post=1706"}],"curies":[{"name":"wp","href":"https:\/\/api.w.org\/{rel}","templated":true}]}}