{"id":1739,"date":"2019-09-02T09:08:49","date_gmt":"2019-09-02T09:08:49","guid":{"rendered":"https:\/\/www.sacrecoeurvercel.com\/?p=1739"},"modified":"2019-10-15T09:37:30","modified_gmt":"2019-10-15T09:37:30","slug":"collecte-de-papiers","status":"publish","type":"post","link":"https:\/\/www.sacrecoeurvercel.com\/index.php\/2019\/09\/02\/collecte-de-papiers\/","title":{"rendered":"Collecte de papiers"},"content":{"rendered":"\n<p><strong>D\u00e9p\u00f4t du papier<\/strong><strong>&nbsp;:<\/strong><\/p>\n\n\n\n<p>Le d\u00e9p\u00f4t de\npapier se fait de pr\u00e9f\u00e9rence les jours d\u2019ouverture des permanences.\nExceptionnellement il peut se faire devant le garage de la collecte.<\/p>\n\n\n\n<p>Un pr\u00e9-tri vous\nest demand\u00e9&nbsp;: <strong>enlever<\/strong> plastique\n\/ fen\u00eatre d\u2019enveloppe \/ carton \/ couverture de livre cartonn\u00e9e \/ papier kraft.<\/p>\n\n\n\n<p><strong>Modalit\u00e9s<\/strong><strong>&nbsp;:<\/strong><\/p>\n\n\n\n<p>Cette ann\u00e9e,\nchaque classe sera verra attribu\u00e9e quelques permanences. Vous serez pr\u00e9venus\nvia le cahier de liaison, dans lequel vous pourrez vous inscrire. <\/p>\n\n\n\n<p>En cas\nd\u2019indisponibilit\u00e9, vous pouvez toujours venir lors des autres permanences, sans\nforc\u00e9ment vous inscrire.<\/p>\n\n\n\n<p>Nous avons\nbesoin d\u2019un minimum de 3 personnes par journ\u00e9e.<\/p>\n\n\n\n<p>Les jours des\nchargements de benne demandent plus de main d\u2019\u0153uvre, et ne sont pas attribu\u00e9 \u00e0\nune classe sp\u00e9cifique. Venez nombreux.<\/p>\n\n\n\n<figure class=\"wp-block-image\"><img decoding=\"async\" loading=\"lazy\" width=\"1024\" height=\"691\" src=\"https:\/\/www.sacrecoeurvercel.com\/wp-content\/uploads\/2019\/10\/vignette_et_consigne_tri_papier_smirtom_stamandois-1024x691.jpg\" alt=\"\" class=\"wp-image-1740\" srcset=\"https:\/\/www.sacrecoeurvercel.com\/wp-content\/uploads\/2019\/10\/vignette_et_consigne_tri_papier_smirtom_stamandois-1024x691.jpg 1024w, https:\/\/www.sacrecoeurvercel.com\/wp-content\/uploads\/2019\/10\/vignette_et_consigne_tri_papier_smirtom_stamandois-300x202.jpg 300w, https:\/\/www.sacrecoeurvercel.com\/wp-content\/uploads\/2019\/10\/vignette_et_consigne_tri_papier_smirtom_stamandois-768x518.jpg 768w, https:\/\/www.sacrecoeurvercel.com\/wp-content\/uploads\/2019\/10\/vignette_et_consigne_tri_papier_smirtom_stamandois.jpg 1180w\" sizes=\"(max-width: 1024px) 100vw, 1024px\" \/><\/figure>\n","protected":false},"excerpt":{"rendered":"<p>D\u00e9p\u00f4t du papier&nbsp;: Le d\u00e9p\u00f4t de papier se fait de pr\u00e9f\u00e9rence les jours d\u2019ouverture des permanences. Exceptionnellement il peut se faire devant le garage de la collecte. Un pr\u00e9-tri vous est demand\u00e9&nbsp;: enlever plastique \/&#8230;<\/p>\n","protected":false},"author":8,"featured_media":1740,"comment_status":"closed","ping_status":"closed","sticky":false,"template":"","format":"standard","meta":[],"categories":[1],"tags":[],"_links":{"self":[{"href":"https:\/\/www.sacrecoeurvercel.com\/index.php\/wp-json\/wp\/v2\/posts\/1739"}],"collection":[{"href":"https:\/\/www.sacrecoeurvercel.com\/index.php\/wp-json\/wp\/v2\/posts"}],"about":[{"href":"https:\/\/www.sacrecoeurvercel.com\/index.php\/wp-json\/wp\/v2\/types\/post"}],"author":[{"embeddable":true,"href":"https:\/\/www.sacrecoeurvercel.com\/index.php\/wp-json\/wp\/v2\/users\/8"}],"replies":[{"embeddable":true,"href":"https:\/\/www.sacrecoeurvercel.com\/index.php\/wp-json\/wp\/v2\/comments?post=1739"}],"version-history":[{"count":1,"href":"https:\/\/www.sacrecoeurvercel.com\/index.php\/wp-json\/wp\/v2\/posts\/1739\/revisions"}],"predecessor-version":[{"id":1741,"href":"https:\/\/www.sacrecoeurvercel.com\/index.php\/wp-json\/wp\/v2\/posts\/1739\/revisions\/1741"}],"wp:featuredmedia":[{"embeddable":true,"href":"https:\/\/www.sacrecoeurvercel.com\/index.php\/wp-json\/wp\/v2\/media\/1740"}],"wp:attachment":[{"href":"https:\/\/www.sacrecoeurvercel.com\/index.php\/wp-json\/wp\/v2\/media?parent=1739"}],"wp:term":[{"taxonomy":"category","embeddable":true,"href":"https:\/\/www.sacrecoeurvercel.com\/index.php\/wp-json\/wp\/v2\/categories?post=1739"},{"taxonomy":"post_tag","embeddable":true,"href":"https:\/\/www.sacrecoeurvercel.com\/index.php\/wp-json\/wp\/v2\/tags?post=1739"}],"curies":[{"name":"wp","href":"https:\/\/api.w.org\/{rel}","templated":true}]}}