{"id":1752,"date":"2019-05-02T08:53:31","date_gmt":"2019-05-02T08:53:31","guid":{"rendered":"https:\/\/www.sacrecoeurvercel.com\/?p=1752"},"modified":"2019-10-22T09:11:46","modified_gmt":"2019-10-22T09:11:46","slug":"temps-fort-de-paques-2019","status":"publish","type":"post","link":"https:\/\/www.sacrecoeurvercel.com\/index.php\/2019\/05\/02\/temps-fort-de-paques-2019\/","title":{"rendered":"Temps fort de P\u00e2ques 2019"},"content":{"rendered":"\n<p>Travail en petits groupes d&rsquo;\u00e9l\u00e8ves sur le th\u00e8me :  S\u2019engager en privil\u00e9giant l\u2019esprit d\u2019ouverture et respecter l\u2019autre&nbsp; &#8230;<\/p>\n\n\n\n<div class=\"wp-block-image\"><figure class=\"alignleft\"><img decoding=\"async\" loading=\"lazy\" width=\"360\" height=\"480\" src=\"https:\/\/www.sacrecoeurvercel.com\/wp-content\/uploads\/2019\/10\/temps-fort-paques-2019..png\" alt=\"\" class=\"wp-image-1756\" srcset=\"https:\/\/www.sacrecoeurvercel.com\/wp-content\/uploads\/2019\/10\/temps-fort-paques-2019..png 360w, https:\/\/www.sacrecoeurvercel.com\/wp-content\/uploads\/2019\/10\/temps-fort-paques-2019.-225x300.png 225w\" sizes=\"(max-width: 360px) 100vw, 360px\" \/><\/figure><\/div>\n\n\n\n<div class=\"wp-block-image\"><figure class=\"aligncenter\"><img decoding=\"async\" loading=\"lazy\" width=\"360\" height=\"480\" src=\"https:\/\/www.sacrecoeurvercel.com\/wp-content\/uploads\/2019\/10\/temps-fort-2019.png\" alt=\"\" class=\"wp-image-1755\" srcset=\"https:\/\/www.sacrecoeurvercel.com\/wp-content\/uploads\/2019\/10\/temps-fort-2019.png 360w, https:\/\/www.sacrecoeurvercel.com\/wp-content\/uploads\/2019\/10\/temps-fort-2019-225x300.png 225w\" sizes=\"(max-width: 360px) 100vw, 360px\" \/><\/figure><\/div>\n\n\n\n<ul class=\"is-layout-flex wp-block-gallery-1 wp-block-gallery columns-1 is-cropped\"><li class=\"blocks-gallery-item\"><figure><img decoding=\"async\" loading=\"lazy\" width=\"360\" height=\"480\" src=\"https:\/\/www.sacrecoeurvercel.com\/wp-content\/uploads\/2019\/10\/tps-fort-paques.png\" alt=\"\" data-id=\"1754\" class=\"wp-image-1754\" srcset=\"https:\/\/www.sacrecoeurvercel.com\/wp-content\/uploads\/2019\/10\/tps-fort-paques.png 360w, https:\/\/www.sacrecoeurvercel.com\/wp-content\/uploads\/2019\/10\/tps-fort-paques-225x300.png 225w\" sizes=\"(max-width: 360px) 100vw, 360px\" \/><\/figure><\/li><\/ul>\n","protected":false},"excerpt":{"rendered":"<p>Travail en petits groupes d&rsquo;\u00e9l\u00e8ves sur le th\u00e8me : S\u2019engager en privil\u00e9giant l\u2019esprit d\u2019ouverture et respecter l\u2019autre&nbsp; &#8230;<\/p>\n","protected":false},"author":8,"featured_media":1753,"comment_status":"closed","ping_status":"closed","sticky":false,"template":"","format":"standard","meta":[],"categories":[7,4,5,23],"tags":[],"_links":{"self":[{"href":"https:\/\/www.sacrecoeurvercel.com\/index.php\/wp-json\/wp\/v2\/posts\/1752"}],"collection":[{"href":"https:\/\/www.sacrecoeurvercel.com\/index.php\/wp-json\/wp\/v2\/posts"}],"about":[{"href":"https:\/\/www.sacrecoeurvercel.com\/index.php\/wp-json\/wp\/v2\/types\/post"}],"author":[{"embeddable":true,"href":"https:\/\/www.sacrecoeurvercel.com\/index.php\/wp-json\/wp\/v2\/users\/8"}],"replies":[{"embeddable":true,"href":"https:\/\/www.sacrecoeurvercel.com\/index.php\/wp-json\/wp\/v2\/comments?post=1752"}],"version-history":[{"count":3,"href":"https:\/\/www.sacrecoeurvercel.com\/index.php\/wp-json\/wp\/v2\/posts\/1752\/revisions"}],"predecessor-version":[{"id":1759,"href":"https:\/\/www.sacrecoeurvercel.com\/index.php\/wp-json\/wp\/v2\/posts\/1752\/revisions\/1759"}],"wp:featuredmedia":[{"embeddable":true,"href":"https:\/\/www.sacrecoeurvercel.com\/index.php\/wp-json\/wp\/v2\/media\/1753"}],"wp:attachment":[{"href":"https:\/\/www.sacrecoeurvercel.com\/index.php\/wp-json\/wp\/v2\/media?parent=1752"}],"wp:term":[{"taxonomy":"category","embeddable":true,"href":"https:\/\/www.sacrecoeurvercel.com\/index.php\/wp-json\/wp\/v2\/categories?post=1752"},{"taxonomy":"post_tag","embeddable":true,"href":"https:\/\/www.sacrecoeurvercel.com\/index.php\/wp-json\/wp\/v2\/tags?post=1752"}],"curies":[{"name":"wp","href":"https:\/\/api.w.org\/{rel}","templated":true}]}}