{"id":1797,"date":"2019-10-22T10:26:56","date_gmt":"2019-10-22T10:26:56","guid":{"rendered":"https:\/\/www.sacrecoeurvercel.com\/?p=1797"},"modified":"2019-10-22T12:15:12","modified_gmt":"2019-10-22T12:15:12","slug":"cross-annuel-mets-tes-baskets-et-bats-la-maladie","status":"publish","type":"post","link":"https:\/\/www.sacrecoeurvercel.com\/index.php\/2019\/10\/22\/cross-annuel-mets-tes-baskets-et-bats-la-maladie\/","title":{"rendered":"Cross annuel \u00ab\u00a0mets tes baskets et bats la maladie\u00a0\u00bb"},"content":{"rendered":"\n<figure class=\"wp-block-image\"><img alt=\"\"\/><\/figure>\n\n\n\n<figure class=\"wp-block-image\"><img decoding=\"async\" loading=\"lazy\" width=\"448\" height=\"336\" src=\"https:\/\/www.sacrecoeurvercel.com\/wp-content\/uploads\/2019\/10\/compress\u00e9e-4.jpg\" alt=\"\" class=\"wp-image-1799\" srcset=\"https:\/\/www.sacrecoeurvercel.com\/wp-content\/uploads\/2019\/10\/compress\u00e9e-4.jpg 448w, https:\/\/www.sacrecoeurvercel.com\/wp-content\/uploads\/2019\/10\/compress\u00e9e-4-300x225.jpg 300w\" sizes=\"(max-width: 448px) 100vw, 448px\" \/><\/figure>\n\n\n\n<figure class=\"wp-block-image\"><img decoding=\"async\" loading=\"lazy\" width=\"1024\" height=\"485\" src=\"https:\/\/www.sacrecoeurvercel.com\/wp-content\/uploads\/2019\/10\/72465680_10217868110046431_4704817449323724800_o-1024x485.jpg\" alt=\"\" class=\"wp-image-1800\" srcset=\"https:\/\/www.sacrecoeurvercel.com\/wp-content\/uploads\/2019\/10\/72465680_10217868110046431_4704817449323724800_o-1024x485.jpg 1024w, https:\/\/www.sacrecoeurvercel.com\/wp-content\/uploads\/2019\/10\/72465680_10217868110046431_4704817449323724800_o-300x142.jpg 300w, https:\/\/www.sacrecoeurvercel.com\/wp-content\/uploads\/2019\/10\/72465680_10217868110046431_4704817449323724800_o-768x363.jpg 768w, https:\/\/www.sacrecoeurvercel.com\/wp-content\/uploads\/2019\/10\/72465680_10217868110046431_4704817449323724800_o.jpg 2016w\" sizes=\"(max-width: 1024px) 100vw, 1024px\" \/><\/figure>\n\n\n\n<p>Cette ann\u00e9e, malgr\u00e9 la pluie,  les \u00e9l\u00e8ves du groupe scolaire ont mis leurs baskets pour courir contre la maladie, avec l&rsquo;association ELA. Bravo \u00e0 tous<\/p>\n\n\n\n<p><\/p>\n\n\n\n<figure class=\"wp-block-image\"><img decoding=\"async\" loading=\"lazy\" width=\"640\" height=\"360\" src=\"https:\/\/www.sacrecoeurvercel.com\/wp-content\/uploads\/2019\/10\/photo3.png\" alt=\"\" class=\"wp-image-1867\" srcset=\"https:\/\/www.sacrecoeurvercel.com\/wp-content\/uploads\/2019\/10\/photo3.png 640w, https:\/\/www.sacrecoeurvercel.com\/wp-content\/uploads\/2019\/10\/photo3-300x169.png 300w, https:\/\/www.sacrecoeurvercel.com\/wp-content\/uploads\/2019\/10\/photo3-260x146.png 260w, https:\/\/www.sacrecoeurvercel.com\/wp-content\/uploads\/2019\/10\/photo3-120x67.png 120w\" sizes=\"(max-width: 640px) 100vw, 640px\" \/><\/figure>\n","protected":false},"excerpt":{"rendered":"<p>Cette ann\u00e9e, malgr\u00e9 la pluie, les \u00e9l\u00e8ves du groupe scolaire ont mis leurs baskets pour courir contre la maladie, avec l&rsquo;association ELA. Bravo \u00e0 tous<\/p>\n","protected":false},"author":8,"featured_media":1798,"comment_status":"closed","ping_status":"closed","sticky":false,"template":"","format":"standard","meta":[],"categories":[7,4,6,13],"tags":[],"_links":{"self":[{"href":"https:\/\/www.sacrecoeurvercel.com\/index.php\/wp-json\/wp\/v2\/posts\/1797"}],"collection":[{"href":"https:\/\/www.sacrecoeurvercel.com\/index.php\/wp-json\/wp\/v2\/posts"}],"about":[{"href":"https:\/\/www.sacrecoeurvercel.com\/index.php\/wp-json\/wp\/v2\/types\/post"}],"author":[{"embeddable":true,"href":"https:\/\/www.sacrecoeurvercel.com\/index.php\/wp-json\/wp\/v2\/users\/8"}],"replies":[{"embeddable":true,"href":"https:\/\/www.sacrecoeurvercel.com\/index.php\/wp-json\/wp\/v2\/comments?post=1797"}],"version-history":[{"count":2,"href":"https:\/\/www.sacrecoeurvercel.com\/index.php\/wp-json\/wp\/v2\/posts\/1797\/revisions"}],"predecessor-version":[{"id":1868,"href":"https:\/\/www.sacrecoeurvercel.com\/index.php\/wp-json\/wp\/v2\/posts\/1797\/revisions\/1868"}],"wp:featuredmedia":[{"embeddable":true,"href":"https:\/\/www.sacrecoeurvercel.com\/index.php\/wp-json\/wp\/v2\/media\/1798"}],"wp:attachment":[{"href":"https:\/\/www.sacrecoeurvercel.com\/index.php\/wp-json\/wp\/v2\/media?parent=1797"}],"wp:term":[{"taxonomy":"category","embeddable":true,"href":"https:\/\/www.sacrecoeurvercel.com\/index.php\/wp-json\/wp\/v2\/categories?post=1797"},{"taxonomy":"post_tag","embeddable":true,"href":"https:\/\/www.sacrecoeurvercel.com\/index.php\/wp-json\/wp\/v2\/tags?post=1797"}],"curies":[{"name":"wp","href":"https:\/\/api.w.org\/{rel}","templated":true}]}}