{"id":1806,"date":"2019-10-28T20:33:31","date_gmt":"2019-10-28T20:33:31","guid":{"rendered":"https:\/\/www.sacrecoeurvercel.com\/?p=1806"},"modified":"2019-10-22T10:38:49","modified_gmt":"2019-10-22T10:38:49","slug":"seances-avec-nos-eleves-6-ieme-atelier-pleine-conscience","status":"publish","type":"post","link":"https:\/\/www.sacrecoeurvercel.com\/index.php\/2019\/10\/28\/seances-avec-nos-eleves-6-ieme-atelier-pleine-conscience\/","title":{"rendered":"S\u00e9ances avec nos \u00e9l\u00e8ves 6 i\u00e8me&#8230; : atelier Pleine conscience"},"content":{"rendered":"\n<p>\nS\u00e9ances pour nos \u00e9l\u00e8ves de 6 ixi\u00e8me B  : atelier Pleine conscience, \npleine pr\u00e9sence. ( exercices de concentration, corporels&#8230;.) avec en \nterminant quelques minutes pour \u00e9crire leurs impressions.<br> L&rsquo;objectif est de r\u00e9duire le stress, d\u00e9velopper la confiance en soi, la concentration, l&#8217;empathie&#8230;<br> Travail fait avec un intervenant ext\u00e9rieur et Mme Z\u00e9halo sur une p\u00e9riode de 10 semaines\n\n<\/p>\n\n\n\n<figure class=\"wp-block-image is-resized\"><img decoding=\"async\" loading=\"lazy\" src=\"https:\/\/www.sacrecoeurvercel.com\/wp-content\/uploads\/2019\/10\/seance-\u00e9l\u00e8ves-6-ieme-1024x576.jpg\" alt=\"\" class=\"wp-image-1807\" width=\"297\" height=\"167\" srcset=\"https:\/\/www.sacrecoeurvercel.com\/wp-content\/uploads\/2019\/10\/seance-\u00e9l\u00e8ves-6-ieme-1024x576.jpg 1024w, https:\/\/www.sacrecoeurvercel.com\/wp-content\/uploads\/2019\/10\/seance-\u00e9l\u00e8ves-6-ieme-300x169.jpg 300w, https:\/\/www.sacrecoeurvercel.com\/wp-content\/uploads\/2019\/10\/seance-\u00e9l\u00e8ves-6-ieme-768x432.jpg 768w, https:\/\/www.sacrecoeurvercel.com\/wp-content\/uploads\/2019\/10\/seance-\u00e9l\u00e8ves-6-ieme-777x437.jpg 777w, https:\/\/www.sacrecoeurvercel.com\/wp-content\/uploads\/2019\/10\/seance-\u00e9l\u00e8ves-6-ieme-260x146.jpg 260w, https:\/\/www.sacrecoeurvercel.com\/wp-content\/uploads\/2019\/10\/seance-\u00e9l\u00e8ves-6-ieme-120x67.jpg 120w, https:\/\/www.sacrecoeurvercel.com\/wp-content\/uploads\/2019\/10\/seance-\u00e9l\u00e8ves-6-ieme.jpg 1280w\" sizes=\"(max-width: 297px) 100vw, 297px\" \/><\/figure>\n\n\n\n<div class=\"wp-block-image\"><figure class=\"alignright is-resized\"><img decoding=\"async\" loading=\"lazy\" src=\"https:\/\/www.sacrecoeurvercel.com\/wp-content\/uploads\/2019\/10\/seance-\u00e9l\u00e8ves-P-C-2-1024x576.jpg\" alt=\"\" class=\"wp-image-1808\" width=\"322\" height=\"181\" srcset=\"https:\/\/www.sacrecoeurvercel.com\/wp-content\/uploads\/2019\/10\/seance-\u00e9l\u00e8ves-P-C-2-1024x576.jpg 1024w, https:\/\/www.sacrecoeurvercel.com\/wp-content\/uploads\/2019\/10\/seance-\u00e9l\u00e8ves-P-C-2-300x169.jpg 300w, https:\/\/www.sacrecoeurvercel.com\/wp-content\/uploads\/2019\/10\/seance-\u00e9l\u00e8ves-P-C-2-768x432.jpg 768w, https:\/\/www.sacrecoeurvercel.com\/wp-content\/uploads\/2019\/10\/seance-\u00e9l\u00e8ves-P-C-2-777x437.jpg 777w, https:\/\/www.sacrecoeurvercel.com\/wp-content\/uploads\/2019\/10\/seance-\u00e9l\u00e8ves-P-C-2-260x146.jpg 260w, https:\/\/www.sacrecoeurvercel.com\/wp-content\/uploads\/2019\/10\/seance-\u00e9l\u00e8ves-P-C-2-120x67.jpg 120w, https:\/\/www.sacrecoeurvercel.com\/wp-content\/uploads\/2019\/10\/seance-\u00e9l\u00e8ves-P-C-2.jpg 1280w\" sizes=\"(max-width: 322px) 100vw, 322px\" \/><\/figure><\/div>\n\n\n\n<div class=\"wp-block-image\"><figure class=\"aligncenter is-resized\"><img decoding=\"async\" loading=\"lazy\" src=\"https:\/\/www.sacrecoeurvercel.com\/wp-content\/uploads\/2019\/10\/seances-\u00e9l\u00e8ves-pleine-conscience-1.jpg\" alt=\"\" class=\"wp-image-1810\" width=\"204\" height=\"363\" srcset=\"https:\/\/www.sacrecoeurvercel.com\/wp-content\/uploads\/2019\/10\/seances-\u00e9l\u00e8ves-pleine-conscience-1.jpg 540w, https:\/\/www.sacrecoeurvercel.com\/wp-content\/uploads\/2019\/10\/seances-\u00e9l\u00e8ves-pleine-conscience-1-169x300.jpg 169w\" sizes=\"(max-width: 204px) 100vw, 204px\" \/><\/figure><\/div>\n","protected":false},"excerpt":{"rendered":"<p>S\u00e9ances pour nos \u00e9l\u00e8ves de 6 ixi\u00e8me B : atelier Pleine conscience, pleine pr\u00e9sence. ( exercices de concentration, corporels&#8230;.) avec en terminant quelques minutes pour \u00e9crire leurs impressions. L&rsquo;objectif est de r\u00e9duire le stress, d\u00e9velopper&#8230;<\/p>\n","protected":false},"author":8,"featured_media":1808,"comment_status":"closed","ping_status":"closed","sticky":false,"template":"","format":"standard","meta":[],"categories":[7,4,23],"tags":[],"_links":{"self":[{"href":"https:\/\/www.sacrecoeurvercel.com\/index.php\/wp-json\/wp\/v2\/posts\/1806"}],"collection":[{"href":"https:\/\/www.sacrecoeurvercel.com\/index.php\/wp-json\/wp\/v2\/posts"}],"about":[{"href":"https:\/\/www.sacrecoeurvercel.com\/index.php\/wp-json\/wp\/v2\/types\/post"}],"author":[{"embeddable":true,"href":"https:\/\/www.sacrecoeurvercel.com\/index.php\/wp-json\/wp\/v2\/users\/8"}],"replies":[{"embeddable":true,"href":"https:\/\/www.sacrecoeurvercel.com\/index.php\/wp-json\/wp\/v2\/comments?post=1806"}],"version-history":[{"count":1,"href":"https:\/\/www.sacrecoeurvercel.com\/index.php\/wp-json\/wp\/v2\/posts\/1806\/revisions"}],"predecessor-version":[{"id":1811,"href":"https:\/\/www.sacrecoeurvercel.com\/index.php\/wp-json\/wp\/v2\/posts\/1806\/revisions\/1811"}],"wp:featuredmedia":[{"embeddable":true,"href":"https:\/\/www.sacrecoeurvercel.com\/index.php\/wp-json\/wp\/v2\/media\/1808"}],"wp:attachment":[{"href":"https:\/\/www.sacrecoeurvercel.com\/index.php\/wp-json\/wp\/v2\/media?parent=1806"}],"wp:term":[{"taxonomy":"category","embeddable":true,"href":"https:\/\/www.sacrecoeurvercel.com\/index.php\/wp-json\/wp\/v2\/categories?post=1806"},{"taxonomy":"post_tag","embeddable":true,"href":"https:\/\/www.sacrecoeurvercel.com\/index.php\/wp-json\/wp\/v2\/tags?post=1806"}],"curies":[{"name":"wp","href":"https:\/\/api.w.org\/{rel}","templated":true}]}}