{"id":1812,"date":"2019-10-29T20:39:52","date_gmt":"2019-10-29T20:39:52","guid":{"rendered":"https:\/\/www.sacrecoeurvercel.com\/?p=1812"},"modified":"2019-10-22T10:43:24","modified_gmt":"2019-10-22T10:43:24","slug":"apprendre-les-gestes-de-premiers-secours","status":"publish","type":"post","link":"https:\/\/www.sacrecoeurvercel.com\/index.php\/2019\/10\/29\/apprendre-les-gestes-de-premiers-secours\/","title":{"rendered":"Apprendre les gestes de premiers secours"},"content":{"rendered":"\n<p>\nJourn\u00e9e gestes de premiers secours pour nos \u00e9l\u00e8ves de CM2, avec 2 \nintervenants de La Croix rouge le 14\/10: le matin initiation \u00e0 la PLS \nposition lat\u00e9rale de s\u00e9curit\u00e9 et l\u2019utilisation d\u2019un d\u00e9fibrillateur avec \nmassages cardiaques\n\n<\/p>\n\n\n\n<figure class=\"wp-block-image is-resized\"><img decoding=\"async\" loading=\"lazy\" src=\"https:\/\/www.sacrecoeurvercel.com\/wp-content\/uploads\/2019\/10\/compress\u00e9e-6.jpg\" alt=\"\" class=\"wp-image-1813\" width=\"390\" height=\"292\" srcset=\"https:\/\/www.sacrecoeurvercel.com\/wp-content\/uploads\/2019\/10\/compress\u00e9e-6.jpg 448w, https:\/\/www.sacrecoeurvercel.com\/wp-content\/uploads\/2019\/10\/compress\u00e9e-6-300x225.jpg 300w\" sizes=\"(max-width: 390px) 100vw, 390px\" \/><\/figure>\n\n\n\n<div class=\"wp-block-image\"><figure class=\"alignright is-resized\"><img decoding=\"async\" loading=\"lazy\" src=\"https:\/\/www.sacrecoeurvercel.com\/wp-content\/uploads\/2019\/10\/compressee-groupe.jpg\" alt=\"\" class=\"wp-image-1814\" width=\"325\" height=\"244\" srcset=\"https:\/\/www.sacrecoeurvercel.com\/wp-content\/uploads\/2019\/10\/compressee-groupe.jpg 448w, https:\/\/www.sacrecoeurvercel.com\/wp-content\/uploads\/2019\/10\/compressee-groupe-300x225.jpg 300w\" sizes=\"(max-width: 325px) 100vw, 325px\" \/><\/figure><\/div>\n","protected":false},"excerpt":{"rendered":"<p>Journ\u00e9e gestes de premiers secours pour nos \u00e9l\u00e8ves de CM2, avec 2 intervenants de La Croix rouge le 14\/10: le matin initiation \u00e0 la PLS position lat\u00e9rale de s\u00e9curit\u00e9 et l\u2019utilisation d\u2019un d\u00e9fibrillateur avec massages&#8230;<\/p>\n","protected":false},"author":8,"featured_media":1813,"comment_status":"closed","ping_status":"closed","sticky":false,"template":"","format":"standard","meta":[],"categories":[6],"tags":[],"_links":{"self":[{"href":"https:\/\/www.sacrecoeurvercel.com\/index.php\/wp-json\/wp\/v2\/posts\/1812"}],"collection":[{"href":"https:\/\/www.sacrecoeurvercel.com\/index.php\/wp-json\/wp\/v2\/posts"}],"about":[{"href":"https:\/\/www.sacrecoeurvercel.com\/index.php\/wp-json\/wp\/v2\/types\/post"}],"author":[{"embeddable":true,"href":"https:\/\/www.sacrecoeurvercel.com\/index.php\/wp-json\/wp\/v2\/users\/8"}],"replies":[{"embeddable":true,"href":"https:\/\/www.sacrecoeurvercel.com\/index.php\/wp-json\/wp\/v2\/comments?post=1812"}],"version-history":[{"count":1,"href":"https:\/\/www.sacrecoeurvercel.com\/index.php\/wp-json\/wp\/v2\/posts\/1812\/revisions"}],"predecessor-version":[{"id":1815,"href":"https:\/\/www.sacrecoeurvercel.com\/index.php\/wp-json\/wp\/v2\/posts\/1812\/revisions\/1815"}],"wp:featuredmedia":[{"embeddable":true,"href":"https:\/\/www.sacrecoeurvercel.com\/index.php\/wp-json\/wp\/v2\/media\/1813"}],"wp:attachment":[{"href":"https:\/\/www.sacrecoeurvercel.com\/index.php\/wp-json\/wp\/v2\/media?parent=1812"}],"wp:term":[{"taxonomy":"category","embeddable":true,"href":"https:\/\/www.sacrecoeurvercel.com\/index.php\/wp-json\/wp\/v2\/categories?post=1812"},{"taxonomy":"post_tag","embeddable":true,"href":"https:\/\/www.sacrecoeurvercel.com\/index.php\/wp-json\/wp\/v2\/tags?post=1812"}],"curies":[{"name":"wp","href":"https:\/\/api.w.org\/{rel}","templated":true}]}}