{"id":1816,"date":"2019-10-30T20:00:06","date_gmt":"2019-10-30T20:00:06","guid":{"rendered":"https:\/\/www.sacrecoeurvercel.com\/?p=1816"},"modified":"2019-10-22T10:52:13","modified_gmt":"2019-10-22T10:52:13","slug":"evaluations-nationales-pour-nos-eleves-de-6-ieme","status":"publish","type":"post","link":"https:\/\/www.sacrecoeurvercel.com\/index.php\/2019\/10\/30\/evaluations-nationales-pour-nos-eleves-de-6-ieme\/","title":{"rendered":"\u00c9valuations nationales pour nos \u00e9l\u00e8ves de 6 ieme"},"content":{"rendered":"\n<figure class=\"wp-block-image\"><img decoding=\"async\" loading=\"lazy\" width=\"448\" height=\"336\" src=\"https:\/\/www.sacrecoeurvercel.com\/wp-content\/uploads\/2019\/10\/evaluation-6-ieme.jpg\" alt=\"\" class=\"wp-image-1818\" srcset=\"https:\/\/www.sacrecoeurvercel.com\/wp-content\/uploads\/2019\/10\/evaluation-6-ieme.jpg 448w, https:\/\/www.sacrecoeurvercel.com\/wp-content\/uploads\/2019\/10\/evaluation-6-ieme-300x225.jpg 300w\" sizes=\"(max-width: 448px) 100vw, 448px\" \/><\/figure>\n\n\n\n<figure class=\"wp-block-image\"><img alt=\"\"\/><\/figure>\n\n\n\n<p> Les acquis des \u00e9l\u00e8ves entrant en 6\u00e8me sont \u00e9valu\u00e9s en fran\u00e7ais et en  math\u00e9matiques dans le courant du mois d&rsquo;octobre. Ces \u00e9valuations  permettent aux enseignants d&rsquo;adapter leurs pratiques p\u00e9dagogiques pour  r\u00e9pondre aux besoins de chaque \u00e9l\u00e8ve. <\/p>\n","protected":false},"excerpt":{"rendered":"<p>Les acquis des \u00e9l\u00e8ves entrant en 6\u00e8me sont \u00e9valu\u00e9s en fran\u00e7ais et en math\u00e9matiques dans le courant du mois d&rsquo;octobre. Ces \u00e9valuations permettent aux enseignants d&rsquo;adapter leurs pratiques p\u00e9dagogiques pour r\u00e9pondre aux besoins de chaque&#8230;<\/p>\n","protected":false},"author":8,"featured_media":1819,"comment_status":"closed","ping_status":"closed","sticky":false,"template":"","format":"standard","meta":[],"categories":[7,14,17],"tags":[],"_links":{"self":[{"href":"https:\/\/www.sacrecoeurvercel.com\/index.php\/wp-json\/wp\/v2\/posts\/1816"}],"collection":[{"href":"https:\/\/www.sacrecoeurvercel.com\/index.php\/wp-json\/wp\/v2\/posts"}],"about":[{"href":"https:\/\/www.sacrecoeurvercel.com\/index.php\/wp-json\/wp\/v2\/types\/post"}],"author":[{"embeddable":true,"href":"https:\/\/www.sacrecoeurvercel.com\/index.php\/wp-json\/wp\/v2\/users\/8"}],"replies":[{"embeddable":true,"href":"https:\/\/www.sacrecoeurvercel.com\/index.php\/wp-json\/wp\/v2\/comments?post=1816"}],"version-history":[{"count":1,"href":"https:\/\/www.sacrecoeurvercel.com\/index.php\/wp-json\/wp\/v2\/posts\/1816\/revisions"}],"predecessor-version":[{"id":1821,"href":"https:\/\/www.sacrecoeurvercel.com\/index.php\/wp-json\/wp\/v2\/posts\/1816\/revisions\/1821"}],"wp:featuredmedia":[{"embeddable":true,"href":"https:\/\/www.sacrecoeurvercel.com\/index.php\/wp-json\/wp\/v2\/media\/1819"}],"wp:attachment":[{"href":"https:\/\/www.sacrecoeurvercel.com\/index.php\/wp-json\/wp\/v2\/media?parent=1816"}],"wp:term":[{"taxonomy":"category","embeddable":true,"href":"https:\/\/www.sacrecoeurvercel.com\/index.php\/wp-json\/wp\/v2\/categories?post=1816"},{"taxonomy":"post_tag","embeddable":true,"href":"https:\/\/www.sacrecoeurvercel.com\/index.php\/wp-json\/wp\/v2\/tags?post=1816"}],"curies":[{"name":"wp","href":"https:\/\/api.w.org\/{rel}","templated":true}]}}