{"id":1822,"date":"2019-09-30T20:53:23","date_gmt":"2019-09-30T20:53:23","guid":{"rendered":"https:\/\/www.sacrecoeurvercel.com\/?p=1822"},"modified":"2019-10-22T11:11:53","modified_gmt":"2019-10-22T11:11:53","slug":"journee-spirituelle-pour-nos-eleves-de-4-ieme","status":"publish","type":"post","link":"https:\/\/www.sacrecoeurvercel.com\/index.php\/2019\/09\/30\/journee-spirituelle-pour-nos-eleves-de-4-ieme\/","title":{"rendered":"Journ\u00e9e spirituelle pour nos \u00e9l\u00e8ves de 4 i\u00e8me"},"content":{"rendered":"\n<p> Sortie \u00ab\u00a0Spirituelle\u00a0\u00bb pour nos \u00e9l\u00e8ves de 4 i\u00e8me. Apr\u00e8s la  basilique de Sancey, direction Belvoir avec une belle vue pour pique  niquer! <\/p>\n\n\n\n<figure class=\"wp-block-image is-resized\"><img decoding=\"async\" loading=\"lazy\" src=\"https:\/\/www.sacrecoeurvercel.com\/wp-content\/uploads\/2019\/10\/sortie-suite-4-ieme-belvoir-1024x576.jpg\" alt=\"\" class=\"wp-image-1823\" width=\"354\" height=\"199\" srcset=\"https:\/\/www.sacrecoeurvercel.com\/wp-content\/uploads\/2019\/10\/sortie-suite-4-ieme-belvoir-1024x576.jpg 1024w, https:\/\/www.sacrecoeurvercel.com\/wp-content\/uploads\/2019\/10\/sortie-suite-4-ieme-belvoir-300x169.jpg 300w, https:\/\/www.sacrecoeurvercel.com\/wp-content\/uploads\/2019\/10\/sortie-suite-4-ieme-belvoir-768x432.jpg 768w, https:\/\/www.sacrecoeurvercel.com\/wp-content\/uploads\/2019\/10\/sortie-suite-4-ieme-belvoir-777x437.jpg 777w, https:\/\/www.sacrecoeurvercel.com\/wp-content\/uploads\/2019\/10\/sortie-suite-4-ieme-belvoir-260x146.jpg 260w, https:\/\/www.sacrecoeurvercel.com\/wp-content\/uploads\/2019\/10\/sortie-suite-4-ieme-belvoir-120x67.jpg 120w, https:\/\/www.sacrecoeurvercel.com\/wp-content\/uploads\/2019\/10\/sortie-suite-4-ieme-belvoir.jpg 1600w\" sizes=\"(max-width: 354px) 100vw, 354px\" \/><\/figure>\n\n\n\n<div class=\"wp-block-image\"><figure class=\"alignleft is-resized\"><img decoding=\"async\" loading=\"lazy\" src=\"https:\/\/www.sacrecoeurvercel.com\/wp-content\/uploads\/2019\/10\/sortie-SPI-4-ieme-1024x576.jpg\" alt=\"\" class=\"wp-image-1825\" width=\"373\" height=\"210\" srcset=\"https:\/\/www.sacrecoeurvercel.com\/wp-content\/uploads\/2019\/10\/sortie-SPI-4-ieme-1024x576.jpg 1024w, https:\/\/www.sacrecoeurvercel.com\/wp-content\/uploads\/2019\/10\/sortie-SPI-4-ieme-300x169.jpg 300w, https:\/\/www.sacrecoeurvercel.com\/wp-content\/uploads\/2019\/10\/sortie-SPI-4-ieme-768x432.jpg 768w, https:\/\/www.sacrecoeurvercel.com\/wp-content\/uploads\/2019\/10\/sortie-SPI-4-ieme-777x437.jpg 777w, https:\/\/www.sacrecoeurvercel.com\/wp-content\/uploads\/2019\/10\/sortie-SPI-4-ieme-260x146.jpg 260w, https:\/\/www.sacrecoeurvercel.com\/wp-content\/uploads\/2019\/10\/sortie-SPI-4-ieme-120x67.jpg 120w, https:\/\/www.sacrecoeurvercel.com\/wp-content\/uploads\/2019\/10\/sortie-SPI-4-ieme.jpg 1600w\" sizes=\"(max-width: 373px) 100vw, 373px\" \/><\/figure><\/div>\n\n\n\n<div class=\"wp-block-image\"><figure class=\"alignright is-resized\"><img decoding=\"async\" loading=\"lazy\" src=\"https:\/\/www.sacrecoeurvercel.com\/wp-content\/uploads\/2019\/10\/sortie-suite-4-ieme-1024x576.jpg\" alt=\"\" class=\"wp-image-1826\" width=\"313\" height=\"176\" srcset=\"https:\/\/www.sacrecoeurvercel.com\/wp-content\/uploads\/2019\/10\/sortie-suite-4-ieme-1024x576.jpg 1024w, https:\/\/www.sacrecoeurvercel.com\/wp-content\/uploads\/2019\/10\/sortie-suite-4-ieme-300x169.jpg 300w, https:\/\/www.sacrecoeurvercel.com\/wp-content\/uploads\/2019\/10\/sortie-suite-4-ieme-768x432.jpg 768w, https:\/\/www.sacrecoeurvercel.com\/wp-content\/uploads\/2019\/10\/sortie-suite-4-ieme-777x437.jpg 777w, https:\/\/www.sacrecoeurvercel.com\/wp-content\/uploads\/2019\/10\/sortie-suite-4-ieme-260x146.jpg 260w, https:\/\/www.sacrecoeurvercel.com\/wp-content\/uploads\/2019\/10\/sortie-suite-4-ieme-120x67.jpg 120w, https:\/\/www.sacrecoeurvercel.com\/wp-content\/uploads\/2019\/10\/sortie-suite-4-ieme.jpg 1600w\" sizes=\"(max-width: 313px) 100vw, 313px\" \/><\/figure><\/div>\n","protected":false},"excerpt":{"rendered":"<p>Sortie \u00ab\u00a0Spirituelle\u00a0\u00bb pour nos \u00e9l\u00e8ves de 4 i\u00e8me. Apr\u00e8s la basilique de Sancey, direction Belvoir avec une belle vue pour pique niquer!<\/p>\n","protected":false},"author":8,"featured_media":0,"comment_status":"closed","ping_status":"closed","sticky":false,"template":"","format":"standard","meta":[],"categories":[7,5,15],"tags":[],"_links":{"self":[{"href":"https:\/\/www.sacrecoeurvercel.com\/index.php\/wp-json\/wp\/v2\/posts\/1822"}],"collection":[{"href":"https:\/\/www.sacrecoeurvercel.com\/index.php\/wp-json\/wp\/v2\/posts"}],"about":[{"href":"https:\/\/www.sacrecoeurvercel.com\/index.php\/wp-json\/wp\/v2\/types\/post"}],"author":[{"embeddable":true,"href":"https:\/\/www.sacrecoeurvercel.com\/index.php\/wp-json\/wp\/v2\/users\/8"}],"replies":[{"embeddable":true,"href":"https:\/\/www.sacrecoeurvercel.com\/index.php\/wp-json\/wp\/v2\/comments?post=1822"}],"version-history":[{"count":1,"href":"https:\/\/www.sacrecoeurvercel.com\/index.php\/wp-json\/wp\/v2\/posts\/1822\/revisions"}],"predecessor-version":[{"id":1827,"href":"https:\/\/www.sacrecoeurvercel.com\/index.php\/wp-json\/wp\/v2\/posts\/1822\/revisions\/1827"}],"wp:attachment":[{"href":"https:\/\/www.sacrecoeurvercel.com\/index.php\/wp-json\/wp\/v2\/media?parent=1822"}],"wp:term":[{"taxonomy":"category","embeddable":true,"href":"https:\/\/www.sacrecoeurvercel.com\/index.php\/wp-json\/wp\/v2\/categories?post=1822"},{"taxonomy":"post_tag","embeddable":true,"href":"https:\/\/www.sacrecoeurvercel.com\/index.php\/wp-json\/wp\/v2\/tags?post=1822"}],"curies":[{"name":"wp","href":"https:\/\/api.w.org\/{rel}","templated":true}]}}