{"id":1828,"date":"2019-09-27T20:00:20","date_gmt":"2019-09-27T20:00:20","guid":{"rendered":"https:\/\/www.sacrecoeurvercel.com\/?p=1828"},"modified":"2019-10-22T11:12:24","modified_gmt":"2019-10-22T11:12:24","slug":"journee-spirituelle-pour-nos-eleves-de-6-ieme","status":"publish","type":"post","link":"https:\/\/www.sacrecoeurvercel.com\/index.php\/2019\/09\/27\/journee-spirituelle-pour-nos-eleves-de-6-ieme\/","title":{"rendered":"Journ\u00e9e Spirituelle pour nos \u00e9l\u00e8ves de 6 i\u00e8me"},"content":{"rendered":"\n<figure class=\"wp-block-image is-resized\"><img decoding=\"async\" loading=\"lazy\" src=\"https:\/\/www.sacrecoeurvercel.com\/wp-content\/uploads\/2019\/10\/spi-6-ieme.jpg\" alt=\"\" class=\"wp-image-1829\" width=\"315\" height=\"237\" srcset=\"https:\/\/www.sacrecoeurvercel.com\/wp-content\/uploads\/2019\/10\/spi-6-ieme.jpg 448w, https:\/\/www.sacrecoeurvercel.com\/wp-content\/uploads\/2019\/10\/spi-6-ieme-300x225.jpg 300w\" sizes=\"(max-width: 315px) 100vw, 315px\" \/><\/figure>\n\n\n\n<p>\n\n\n\n\n\n\n\n\n\n\n\n\n\n\n\n\n\nVisite de\nla congr\u00e9gation St Famille, visite du mus\u00e9e des beaux&nbsp; arts\n\n\n\n<\/p>\n\n\n\n<figure class=\"wp-block-image is-resized\"><img decoding=\"async\" loading=\"lazy\" src=\"https:\/\/www.sacrecoeurvercel.com\/wp-content\/uploads\/2019\/10\/sortie-Spi-6-ieme-2019.jpg\" alt=\"\" class=\"wp-image-1833\" width=\"189\" height=\"252\" srcset=\"https:\/\/www.sacrecoeurvercel.com\/wp-content\/uploads\/2019\/10\/sortie-Spi-6-ieme-2019.jpg 336w, https:\/\/www.sacrecoeurvercel.com\/wp-content\/uploads\/2019\/10\/sortie-Spi-6-ieme-2019-225x300.jpg 225w\" sizes=\"(max-width: 189px) 100vw, 189px\" \/><\/figure>\n\n\n\n<div class=\"wp-block-image\"><figure class=\"alignright is-resized\"><img decoding=\"async\" loading=\"lazy\" src=\"https:\/\/www.sacrecoeurvercel.com\/wp-content\/uploads\/2019\/10\/spi-6-ieme-2019.jpg\" alt=\"\" class=\"wp-image-1830\" width=\"225\" height=\"169\" srcset=\"https:\/\/www.sacrecoeurvercel.com\/wp-content\/uploads\/2019\/10\/spi-6-ieme-2019.jpg 448w, https:\/\/www.sacrecoeurvercel.com\/wp-content\/uploads\/2019\/10\/spi-6-ieme-2019-300x225.jpg 300w\" sizes=\"(max-width: 225px) 100vw, 225px\" \/><\/figure><\/div>\n\n\n\n<ul class=\"is-layout-flex wp-block-gallery-1 wp-block-gallery columns-0 is-cropped\"><\/ul>\n","protected":false},"excerpt":{"rendered":"<p>Visite de la congr\u00e9gation St Famille, visite du mus\u00e9e des beaux&nbsp; arts<\/p>\n","protected":false},"author":8,"featured_media":1831,"comment_status":"closed","ping_status":"closed","sticky":false,"template":"","format":"standard","meta":[],"categories":[7,5,15,1],"tags":[],"_links":{"self":[{"href":"https:\/\/www.sacrecoeurvercel.com\/index.php\/wp-json\/wp\/v2\/posts\/1828"}],"collection":[{"href":"https:\/\/www.sacrecoeurvercel.com\/index.php\/wp-json\/wp\/v2\/posts"}],"about":[{"href":"https:\/\/www.sacrecoeurvercel.com\/index.php\/wp-json\/wp\/v2\/types\/post"}],"author":[{"embeddable":true,"href":"https:\/\/www.sacrecoeurvercel.com\/index.php\/wp-json\/wp\/v2\/users\/8"}],"replies":[{"embeddable":true,"href":"https:\/\/www.sacrecoeurvercel.com\/index.php\/wp-json\/wp\/v2\/comments?post=1828"}],"version-history":[{"count":1,"href":"https:\/\/www.sacrecoeurvercel.com\/index.php\/wp-json\/wp\/v2\/posts\/1828\/revisions"}],"predecessor-version":[{"id":1834,"href":"https:\/\/www.sacrecoeurvercel.com\/index.php\/wp-json\/wp\/v2\/posts\/1828\/revisions\/1834"}],"wp:featuredmedia":[{"embeddable":true,"href":"https:\/\/www.sacrecoeurvercel.com\/index.php\/wp-json\/wp\/v2\/media\/1831"}],"wp:attachment":[{"href":"https:\/\/www.sacrecoeurvercel.com\/index.php\/wp-json\/wp\/v2\/media?parent=1828"}],"wp:term":[{"taxonomy":"category","embeddable":true,"href":"https:\/\/www.sacrecoeurvercel.com\/index.php\/wp-json\/wp\/v2\/categories?post=1828"},{"taxonomy":"post_tag","embeddable":true,"href":"https:\/\/www.sacrecoeurvercel.com\/index.php\/wp-json\/wp\/v2\/tags?post=1828"}],"curies":[{"name":"wp","href":"https:\/\/api.w.org\/{rel}","templated":true}]}}