{"id":1835,"date":"2019-05-22T11:15:10","date_gmt":"2019-05-22T11:15:10","guid":{"rendered":"https:\/\/www.sacrecoeurvercel.com\/?p=1835"},"modified":"2019-10-22T11:17:26","modified_gmt":"2019-10-22T11:17:26","slug":"sorties-pour-nos-eleves-de-3-ieme-parlement-europeen-a-strasbourg-et-le-camp-de-strutof","status":"publish","type":"post","link":"https:\/\/www.sacrecoeurvercel.com\/index.php\/2019\/05\/22\/sorties-pour-nos-eleves-de-3-ieme-parlement-europeen-a-strasbourg-et-le-camp-de-strutof\/","title":{"rendered":"Sorties pour nos \u00e9l\u00e8ves de 3 i\u00e8me : Parlement europ\u00e9en \u00e0 Strasbourg et le camp de Strutof."},"content":{"rendered":"\n<figure class=\"wp-block-image is-resized\"><img decoding=\"async\" loading=\"lazy\" src=\"https:\/\/www.sacrecoeurvercel.com\/wp-content\/uploads\/2019\/10\/3-ieme-parlement-europ.jpg\" alt=\"\" class=\"wp-image-1836\" width=\"334\" height=\"251\" srcset=\"https:\/\/www.sacrecoeurvercel.com\/wp-content\/uploads\/2019\/10\/3-ieme-parlement-europ.jpg 640w, https:\/\/www.sacrecoeurvercel.com\/wp-content\/uploads\/2019\/10\/3-ieme-parlement-europ-300x225.jpg 300w\" sizes=\"(max-width: 334px) 100vw, 334px\" \/><\/figure>\n\n\n\n<div class=\"wp-block-image\"><figure class=\"alignright is-resized\"><img decoding=\"async\" loading=\"lazy\" src=\"https:\/\/www.sacrecoeurvercel.com\/wp-content\/uploads\/2019\/10\/3-ieme.jpg\" alt=\"\" class=\"wp-image-1837\" width=\"344\" height=\"258\" srcset=\"https:\/\/www.sacrecoeurvercel.com\/wp-content\/uploads\/2019\/10\/3-ieme.jpg 640w, https:\/\/www.sacrecoeurvercel.com\/wp-content\/uploads\/2019\/10\/3-ieme-300x225.jpg 300w\" sizes=\"(max-width: 344px) 100vw, 344px\" \/><\/figure><\/div>\n\n\n\n<figure class=\"wp-block-image is-resized\"><img decoding=\"async\" loading=\"lazy\" src=\"https:\/\/www.sacrecoeurvercel.com\/wp-content\/uploads\/2019\/10\/parlement-europ.jpg\" alt=\"\" class=\"wp-image-1838\" width=\"345\" height=\"259\" srcset=\"https:\/\/www.sacrecoeurvercel.com\/wp-content\/uploads\/2019\/10\/parlement-europ.jpg 640w, https:\/\/www.sacrecoeurvercel.com\/wp-content\/uploads\/2019\/10\/parlement-europ-300x225.jpg 300w\" sizes=\"(max-width: 345px) 100vw, 345px\" \/><\/figure>\n","protected":false},"excerpt":{"rendered":"","protected":false},"author":8,"featured_media":1838,"comment_status":"closed","ping_status":"closed","sticky":false,"template":"","format":"standard","meta":[],"categories":[7,15],"tags":[],"_links":{"self":[{"href":"https:\/\/www.sacrecoeurvercel.com\/index.php\/wp-json\/wp\/v2\/posts\/1835"}],"collection":[{"href":"https:\/\/www.sacrecoeurvercel.com\/index.php\/wp-json\/wp\/v2\/posts"}],"about":[{"href":"https:\/\/www.sacrecoeurvercel.com\/index.php\/wp-json\/wp\/v2\/types\/post"}],"author":[{"embeddable":true,"href":"https:\/\/www.sacrecoeurvercel.com\/index.php\/wp-json\/wp\/v2\/users\/8"}],"replies":[{"embeddable":true,"href":"https:\/\/www.sacrecoeurvercel.com\/index.php\/wp-json\/wp\/v2\/comments?post=1835"}],"version-history":[{"count":1,"href":"https:\/\/www.sacrecoeurvercel.com\/index.php\/wp-json\/wp\/v2\/posts\/1835\/revisions"}],"predecessor-version":[{"id":1839,"href":"https:\/\/www.sacrecoeurvercel.com\/index.php\/wp-json\/wp\/v2\/posts\/1835\/revisions\/1839"}],"wp:featuredmedia":[{"embeddable":true,"href":"https:\/\/www.sacrecoeurvercel.com\/index.php\/wp-json\/wp\/v2\/media\/1838"}],"wp:attachment":[{"href":"https:\/\/www.sacrecoeurvercel.com\/index.php\/wp-json\/wp\/v2\/media?parent=1835"}],"wp:term":[{"taxonomy":"category","embeddable":true,"href":"https:\/\/www.sacrecoeurvercel.com\/index.php\/wp-json\/wp\/v2\/categories?post=1835"},{"taxonomy":"post_tag","embeddable":true,"href":"https:\/\/www.sacrecoeurvercel.com\/index.php\/wp-json\/wp\/v2\/tags?post=1835"}],"curies":[{"name":"wp","href":"https:\/\/api.w.org\/{rel}","templated":true}]}}