{"id":1843,"date":"2019-01-12T20:00:08","date_gmt":"2019-01-12T20:00:08","guid":{"rendered":"https:\/\/www.sacrecoeurvercel.com\/?p=1843"},"modified":"2019-10-22T11:26:10","modified_gmt":"2019-10-22T11:26:10","slug":"sortie-pour-nos-eleves-apprenant-lallemand-au-marche-de-fribourg","status":"publish","type":"post","link":"https:\/\/www.sacrecoeurvercel.com\/index.php\/2019\/01\/12\/sortie-pour-nos-eleves-apprenant-lallemand-au-marche-de-fribourg\/","title":{"rendered":"Sortie pour nos \u00e9l\u00e8ves apprenant l&rsquo;allemand au march\u00e9 de Fribourg"},"content":{"rendered":"\n<figure class=\"wp-block-image\"><img decoding=\"async\" loading=\"lazy\" width=\"1024\" height=\"683\" src=\"https:\/\/www.sacrecoeurvercel.com\/wp-content\/uploads\/2019\/10\/allemagne-1024x683.jpg\" alt=\"\" class=\"wp-image-1844\" srcset=\"https:\/\/www.sacrecoeurvercel.com\/wp-content\/uploads\/2019\/10\/allemagne-1024x683.jpg 1024w, https:\/\/www.sacrecoeurvercel.com\/wp-content\/uploads\/2019\/10\/allemagne-300x200.jpg 300w, https:\/\/www.sacrecoeurvercel.com\/wp-content\/uploads\/2019\/10\/allemagne-768x512.jpg 768w, https:\/\/www.sacrecoeurvercel.com\/wp-content\/uploads\/2019\/10\/allemagne-391x260.jpg 391w, https:\/\/www.sacrecoeurvercel.com\/wp-content\/uploads\/2019\/10\/allemagne.jpg 1620w\" sizes=\"(max-width: 1024px) 100vw, 1024px\" \/><\/figure>\n","protected":false},"excerpt":{"rendered":"","protected":false},"author":8,"featured_media":1844,"comment_status":"closed","ping_status":"closed","sticky":false,"template":"","format":"standard","meta":[],"categories":[7,8],"tags":[],"_links":{"self":[{"href":"https:\/\/www.sacrecoeurvercel.com\/index.php\/wp-json\/wp\/v2\/posts\/1843"}],"collection":[{"href":"https:\/\/www.sacrecoeurvercel.com\/index.php\/wp-json\/wp\/v2\/posts"}],"about":[{"href":"https:\/\/www.sacrecoeurvercel.com\/index.php\/wp-json\/wp\/v2\/types\/post"}],"author":[{"embeddable":true,"href":"https:\/\/www.sacrecoeurvercel.com\/index.php\/wp-json\/wp\/v2\/users\/8"}],"replies":[{"embeddable":true,"href":"https:\/\/www.sacrecoeurvercel.com\/index.php\/wp-json\/wp\/v2\/comments?post=1843"}],"version-history":[{"count":1,"href":"https:\/\/www.sacrecoeurvercel.com\/index.php\/wp-json\/wp\/v2\/posts\/1843\/revisions"}],"predecessor-version":[{"id":1845,"href":"https:\/\/www.sacrecoeurvercel.com\/index.php\/wp-json\/wp\/v2\/posts\/1843\/revisions\/1845"}],"wp:featuredmedia":[{"embeddable":true,"href":"https:\/\/www.sacrecoeurvercel.com\/index.php\/wp-json\/wp\/v2\/media\/1844"}],"wp:attachment":[{"href":"https:\/\/www.sacrecoeurvercel.com\/index.php\/wp-json\/wp\/v2\/media?parent=1843"}],"wp:term":[{"taxonomy":"category","embeddable":true,"href":"https:\/\/www.sacrecoeurvercel.com\/index.php\/wp-json\/wp\/v2\/categories?post=1843"},{"taxonomy":"post_tag","embeddable":true,"href":"https:\/\/www.sacrecoeurvercel.com\/index.php\/wp-json\/wp\/v2\/tags?post=1843"}],"curies":[{"name":"wp","href":"https:\/\/api.w.org\/{rel}","templated":true}]}}