{"id":1871,"date":"2019-11-06T20:00:32","date_gmt":"2019-11-06T20:00:32","guid":{"rendered":"https:\/\/www.sacrecoeurvercel.com\/?p=1871"},"modified":"2020-02-20T10:37:40","modified_gmt":"2020-02-20T10:37:40","slug":"notre-chorale-chante-au-grand-kurssal-de-besancon","status":"publish","type":"post","link":"https:\/\/www.sacrecoeurvercel.com\/index.php\/2019\/11\/06\/notre-chorale-chante-au-grand-kurssal-de-besancon\/","title":{"rendered":"Notre chorale chante au Grand Kurssal de Besan\u00e7on"},"content":{"rendered":"\n<p>Voici\n quelques photos du concert r\u00e9alis\u00e9 le 24 octobre dernier par la chorale\n du Sacr\u00e9 Coeur au grand kursaal de Besan\u00e7on ,au profit de Oncodoubs! \nBravo \u00e0 nos chanteurs et \u00e0 sa professeur Mme Z\u00e9halo<a href=\"https:\/\/www.facebook.com\/photo.php?fbid=721283018390171&amp;set=pcb.721285955056544&amp;type=3&amp;__tn__=HH-R&amp;eid=ARDxKG_n0RloT_Kob_jjvR9hzFjsfE0rF-0wRk6cS4mhXa0hcke2XnhypsfbYL0F49H7CsEwfP2o4RNN\"><\/a><\/p>\n\n\n\n<figure class=\"wp-block-image is-resized\"><img decoding=\"async\" loading=\"lazy\" src=\"https:\/\/www.sacrecoeurvercel.com\/wp-content\/uploads\/2019\/11\/kursal3.jpg\" alt=\"\" class=\"wp-image-1873\" width=\"264\" height=\"176\" srcset=\"https:\/\/www.sacrecoeurvercel.com\/wp-content\/uploads\/2019\/11\/kursal3.jpg 448w, https:\/\/www.sacrecoeurvercel.com\/wp-content\/uploads\/2019\/11\/kursal3-300x200.jpg 300w, https:\/\/www.sacrecoeurvercel.com\/wp-content\/uploads\/2019\/11\/kursal3-391x260.jpg 391w\" sizes=\"(max-width: 264px) 100vw, 264px\" \/><\/figure>\n\n\n\n<div class=\"wp-block-image\"><figure class=\"alignright is-resized\"><img decoding=\"async\" loading=\"lazy\" src=\"https:\/\/www.sacrecoeurvercel.com\/wp-content\/uploads\/2019\/11\/kursal2.jpg\" alt=\"\" class=\"wp-image-1875\" width=\"270\" height=\"180\" srcset=\"https:\/\/www.sacrecoeurvercel.com\/wp-content\/uploads\/2019\/11\/kursal2.jpg 448w, https:\/\/www.sacrecoeurvercel.com\/wp-content\/uploads\/2019\/11\/kursal2-300x200.jpg 300w, https:\/\/www.sacrecoeurvercel.com\/wp-content\/uploads\/2019\/11\/kursal2-391x260.jpg 391w\" sizes=\"(max-width: 270px) 100vw, 270px\" \/><\/figure><\/div>\n","protected":false},"excerpt":{"rendered":"<p>Voici quelques photos du concert r\u00e9alis\u00e9 le 24 octobre dernier par la chorale du Sacr\u00e9 Coeur au grand kursaal de Besan\u00e7on ,au profit de Oncodoubs! Bravo \u00e0 nos chanteurs et \u00e0 sa professeur Mme Z\u00e9halo<\/p>\n","protected":false},"author":8,"featured_media":1872,"comment_status":"closed","ping_status":"closed","sticky":false,"template":"","format":"standard","meta":[],"categories":[7,31,12],"tags":[],"_links":{"self":[{"href":"https:\/\/www.sacrecoeurvercel.com\/index.php\/wp-json\/wp\/v2\/posts\/1871"}],"collection":[{"href":"https:\/\/www.sacrecoeurvercel.com\/index.php\/wp-json\/wp\/v2\/posts"}],"about":[{"href":"https:\/\/www.sacrecoeurvercel.com\/index.php\/wp-json\/wp\/v2\/types\/post"}],"author":[{"embeddable":true,"href":"https:\/\/www.sacrecoeurvercel.com\/index.php\/wp-json\/wp\/v2\/users\/8"}],"replies":[{"embeddable":true,"href":"https:\/\/www.sacrecoeurvercel.com\/index.php\/wp-json\/wp\/v2\/comments?post=1871"}],"version-history":[{"count":2,"href":"https:\/\/www.sacrecoeurvercel.com\/index.php\/wp-json\/wp\/v2\/posts\/1871\/revisions"}],"predecessor-version":[{"id":2051,"href":"https:\/\/www.sacrecoeurvercel.com\/index.php\/wp-json\/wp\/v2\/posts\/1871\/revisions\/2051"}],"wp:featuredmedia":[{"embeddable":true,"href":"https:\/\/www.sacrecoeurvercel.com\/index.php\/wp-json\/wp\/v2\/media\/1872"}],"wp:attachment":[{"href":"https:\/\/www.sacrecoeurvercel.com\/index.php\/wp-json\/wp\/v2\/media?parent=1871"}],"wp:term":[{"taxonomy":"category","embeddable":true,"href":"https:\/\/www.sacrecoeurvercel.com\/index.php\/wp-json\/wp\/v2\/categories?post=1871"},{"taxonomy":"post_tag","embeddable":true,"href":"https:\/\/www.sacrecoeurvercel.com\/index.php\/wp-json\/wp\/v2\/tags?post=1871"}],"curies":[{"name":"wp","href":"https:\/\/api.w.org\/{rel}","templated":true}]}}