{"id":1883,"date":"2019-11-13T20:00:16","date_gmt":"2019-11-13T20:00:16","guid":{"rendered":"https:\/\/www.sacrecoeurvercel.com\/?p=1883"},"modified":"2019-11-12T15:32:27","modified_gmt":"2019-11-12T15:32:27","slug":"remise-des-diplomes","status":"publish","type":"post","link":"https:\/\/www.sacrecoeurvercel.com\/index.php\/2019\/11\/13\/remise-des-diplomes\/","title":{"rendered":"Remise des dipl\u00f4mes&#8230;"},"content":{"rendered":"\n<p>C&rsquo;est en compagnie de Mme LE HIR, Mr DROZ,  que Mme CHAYS a remis, Vendredi 8 Novembre 2019 avec beaucoup de fiert\u00e9 les dipl\u00f4mes du brevet national \u00e0 nos anciens \u00e9l\u00e8ves de 3 i\u00e8me. <\/p>\n\n\n\n<div class=\"wp-block-image\"><figure class=\"alignright is-resized\"><img decoding=\"async\" loading=\"lazy\" src=\"https:\/\/www.sacrecoeurvercel.com\/wp-content\/uploads\/2019\/11\/remise-diplome.jpg\" alt=\"\" class=\"wp-image-1886\" width=\"270\" height=\"204\" srcset=\"https:\/\/www.sacrecoeurvercel.com\/wp-content\/uploads\/2019\/11\/remise-diplome.jpg 480w, https:\/\/www.sacrecoeurvercel.com\/wp-content\/uploads\/2019\/11\/remise-diplome-300x225.jpg 300w\" sizes=\"(max-width: 270px) 100vw, 270px\" \/><\/figure><\/div>\n\n\n\n<div class=\"wp-block-image\"><figure class=\"aligncenter is-resized\"><img decoding=\"async\" loading=\"lazy\" src=\"https:\/\/www.sacrecoeurvercel.com\/wp-content\/uploads\/2019\/11\/remise-diplome-1.jpg\" alt=\"\" class=\"wp-image-1885\" width=\"273\" height=\"205\" srcset=\"https:\/\/www.sacrecoeurvercel.com\/wp-content\/uploads\/2019\/11\/remise-diplome-1.jpg 480w, https:\/\/www.sacrecoeurvercel.com\/wp-content\/uploads\/2019\/11\/remise-diplome-1-300x225.jpg 300w\" sizes=\"(max-width: 273px) 100vw, 273px\" \/><\/figure><\/div>\n\n\n\n<div class=\"wp-block-image\"><figure class=\"aligncenter is-resized\"><img decoding=\"async\" loading=\"lazy\" src=\"https:\/\/www.sacrecoeurvercel.com\/wp-content\/uploads\/2019\/11\/remises-brevet.jpg\" alt=\"\" class=\"wp-image-1887\" width=\"313\" height=\"235\" srcset=\"https:\/\/www.sacrecoeurvercel.com\/wp-content\/uploads\/2019\/11\/remises-brevet.jpg 480w, https:\/\/www.sacrecoeurvercel.com\/wp-content\/uploads\/2019\/11\/remises-brevet-300x225.jpg 300w\" sizes=\"(max-width: 313px) 100vw, 313px\" \/><\/figure><\/div>\n","protected":false},"excerpt":{"rendered":"<p>C&rsquo;est en compagnie de Mme LE HIR, Mr DROZ, que Mme CHAYS a remis, Vendredi 8 Novembre 2019 avec beaucoup de fiert\u00e9 les dipl\u00f4mes du brevet national \u00e0 nos anciens \u00e9l\u00e8ves de 3 i\u00e8me.<\/p>\n","protected":false},"author":8,"featured_media":1884,"comment_status":"closed","ping_status":"closed","sticky":false,"template":"","format":"standard","meta":[],"categories":[7,4],"tags":[],"_links":{"self":[{"href":"https:\/\/www.sacrecoeurvercel.com\/index.php\/wp-json\/wp\/v2\/posts\/1883"}],"collection":[{"href":"https:\/\/www.sacrecoeurvercel.com\/index.php\/wp-json\/wp\/v2\/posts"}],"about":[{"href":"https:\/\/www.sacrecoeurvercel.com\/index.php\/wp-json\/wp\/v2\/types\/post"}],"author":[{"embeddable":true,"href":"https:\/\/www.sacrecoeurvercel.com\/index.php\/wp-json\/wp\/v2\/users\/8"}],"replies":[{"embeddable":true,"href":"https:\/\/www.sacrecoeurvercel.com\/index.php\/wp-json\/wp\/v2\/comments?post=1883"}],"version-history":[{"count":1,"href":"https:\/\/www.sacrecoeurvercel.com\/index.php\/wp-json\/wp\/v2\/posts\/1883\/revisions"}],"predecessor-version":[{"id":1888,"href":"https:\/\/www.sacrecoeurvercel.com\/index.php\/wp-json\/wp\/v2\/posts\/1883\/revisions\/1888"}],"wp:featuredmedia":[{"embeddable":true,"href":"https:\/\/www.sacrecoeurvercel.com\/index.php\/wp-json\/wp\/v2\/media\/1884"}],"wp:attachment":[{"href":"https:\/\/www.sacrecoeurvercel.com\/index.php\/wp-json\/wp\/v2\/media?parent=1883"}],"wp:term":[{"taxonomy":"category","embeddable":true,"href":"https:\/\/www.sacrecoeurvercel.com\/index.php\/wp-json\/wp\/v2\/categories?post=1883"},{"taxonomy":"post_tag","embeddable":true,"href":"https:\/\/www.sacrecoeurvercel.com\/index.php\/wp-json\/wp\/v2\/tags?post=1883"}],"curies":[{"name":"wp","href":"https:\/\/api.w.org\/{rel}","templated":true}]}}