{"id":1910,"date":"2019-12-20T10:36:11","date_gmt":"2019-12-20T10:36:11","guid":{"rendered":"https:\/\/www.sacrecoeurvercel.com\/?p=1910"},"modified":"2019-12-20T10:36:11","modified_gmt":"2019-12-20T10:36:11","slug":"en-attendant-noel","status":"publish","type":"post","link":"https:\/\/www.sacrecoeurvercel.com\/index.php\/2019\/12\/20\/en-attendant-noel\/","title":{"rendered":"En attendant NO\u00cbL"},"content":{"rendered":"\n<figure class=\"wp-block-image size-large is-resized\"><img decoding=\"async\" loading=\"lazy\" src=\"https:\/\/www.sacrecoeurvercel.com\/wp-content\/uploads\/2019\/12\/cdv_photo_004-1-1024x768.jpg\" alt=\"\" class=\"wp-image-1911\" width=\"218\" height=\"164\" srcset=\"https:\/\/www.sacrecoeurvercel.com\/wp-content\/uploads\/2019\/12\/cdv_photo_004-1-1024x768.jpg 1024w, https:\/\/www.sacrecoeurvercel.com\/wp-content\/uploads\/2019\/12\/cdv_photo_004-1-300x225.jpg 300w, https:\/\/www.sacrecoeurvercel.com\/wp-content\/uploads\/2019\/12\/cdv_photo_004-1-768x576.jpg 768w, https:\/\/www.sacrecoeurvercel.com\/wp-content\/uploads\/2019\/12\/cdv_photo_004-1-1536x1152.jpg 1536w, https:\/\/www.sacrecoeurvercel.com\/wp-content\/uploads\/2019\/12\/cdv_photo_004-1.jpg 2048w\" sizes=\"(max-width: 218px) 100vw, 218px\" \/><figcaption>En attendant le passage du p\u00e8re no\u00ebl, les enfants de Moyenne section pr\u00e9parent les d\u00e9corations pour le sapin fabriqu\u00e9e \u00e0 partir de la main de chaque enfant en p\u00e2te \u00e0 sel. <\/figcaption><\/figure>\n\n\n\n<div class=\"wp-block-image\"><figure class=\"alignright size-large is-resized\"><img decoding=\"async\" loading=\"lazy\" src=\"https:\/\/www.sacrecoeurvercel.com\/wp-content\/uploads\/2019\/12\/cdv_photo_005-2-1024x768.jpg\" alt=\"\" class=\"wp-image-1912\" width=\"249\" height=\"187\" srcset=\"https:\/\/www.sacrecoeurvercel.com\/wp-content\/uploads\/2019\/12\/cdv_photo_005-2-1024x768.jpg 1024w, https:\/\/www.sacrecoeurvercel.com\/wp-content\/uploads\/2019\/12\/cdv_photo_005-2-300x225.jpg 300w, https:\/\/www.sacrecoeurvercel.com\/wp-content\/uploads\/2019\/12\/cdv_photo_005-2-768x576.jpg 768w, https:\/\/www.sacrecoeurvercel.com\/wp-content\/uploads\/2019\/12\/cdv_photo_005-2-1536x1152.jpg 1536w, https:\/\/www.sacrecoeurvercel.com\/wp-content\/uploads\/2019\/12\/cdv_photo_005-2.jpg 2048w\" sizes=\"(max-width: 249px) 100vw, 249px\" \/><\/figure><\/div>\n\n\n\n<figure class=\"is-layout-flex wp-block-gallery-1 wp-block-gallery columns-1 is-cropped\"><ul class=\"blocks-gallery-grid\"><li class=\"blocks-gallery-item\"><figure><img decoding=\"async\" loading=\"lazy\" width=\"1024\" height=\"768\" src=\"https:\/\/www.sacrecoeurvercel.com\/wp-content\/uploads\/2019\/12\/cdv_photo_006-1-1024x768.jpg\" alt=\"\" data-id=\"1913\" data-full-url=\"https:\/\/www.sacrecoeurvercel.com\/wp-content\/uploads\/2019\/12\/cdv_photo_006-1.jpg\" data-link=\"https:\/\/www.sacrecoeurvercel.com\/?attachment_id=1913\" class=\"wp-image-1913\" srcset=\"https:\/\/www.sacrecoeurvercel.com\/wp-content\/uploads\/2019\/12\/cdv_photo_006-1-1024x768.jpg 1024w, https:\/\/www.sacrecoeurvercel.com\/wp-content\/uploads\/2019\/12\/cdv_photo_006-1-300x225.jpg 300w, https:\/\/www.sacrecoeurvercel.com\/wp-content\/uploads\/2019\/12\/cdv_photo_006-1-768x576.jpg 768w, https:\/\/www.sacrecoeurvercel.com\/wp-content\/uploads\/2019\/12\/cdv_photo_006-1-1536x1152.jpg 1536w, https:\/\/www.sacrecoeurvercel.com\/wp-content\/uploads\/2019\/12\/cdv_photo_006-1.jpg 2048w\" sizes=\"(max-width: 1024px) 100vw, 1024px\" \/><\/figure><\/li><\/ul><\/figure>\n","protected":false},"excerpt":{"rendered":"<p>En attendant le passage du p\u00e8re no\u00ebl, les enfants de Moyenne section pr\u00e9parent les d\u00e9corations pour le sapin fabriqu\u00e9e \u00e0 partir de la main de chaque enfant en p\u00e2te \u00e0 sel.<\/p>\n","protected":false},"author":8,"featured_media":1913,"comment_status":"closed","ping_status":"closed","sticky":false,"template":"","format":"standard","meta":[],"categories":[4,6],"tags":[],"_links":{"self":[{"href":"https:\/\/www.sacrecoeurvercel.com\/index.php\/wp-json\/wp\/v2\/posts\/1910"}],"collection":[{"href":"https:\/\/www.sacrecoeurvercel.com\/index.php\/wp-json\/wp\/v2\/posts"}],"about":[{"href":"https:\/\/www.sacrecoeurvercel.com\/index.php\/wp-json\/wp\/v2\/types\/post"}],"author":[{"embeddable":true,"href":"https:\/\/www.sacrecoeurvercel.com\/index.php\/wp-json\/wp\/v2\/users\/8"}],"replies":[{"embeddable":true,"href":"https:\/\/www.sacrecoeurvercel.com\/index.php\/wp-json\/wp\/v2\/comments?post=1910"}],"version-history":[{"count":1,"href":"https:\/\/www.sacrecoeurvercel.com\/index.php\/wp-json\/wp\/v2\/posts\/1910\/revisions"}],"predecessor-version":[{"id":1914,"href":"https:\/\/www.sacrecoeurvercel.com\/index.php\/wp-json\/wp\/v2\/posts\/1910\/revisions\/1914"}],"wp:featuredmedia":[{"embeddable":true,"href":"https:\/\/www.sacrecoeurvercel.com\/index.php\/wp-json\/wp\/v2\/media\/1913"}],"wp:attachment":[{"href":"https:\/\/www.sacrecoeurvercel.com\/index.php\/wp-json\/wp\/v2\/media?parent=1910"}],"wp:term":[{"taxonomy":"category","embeddable":true,"href":"https:\/\/www.sacrecoeurvercel.com\/index.php\/wp-json\/wp\/v2\/categories?post=1910"},{"taxonomy":"post_tag","embeddable":true,"href":"https:\/\/www.sacrecoeurvercel.com\/index.php\/wp-json\/wp\/v2\/tags?post=1910"}],"curies":[{"name":"wp","href":"https:\/\/api.w.org\/{rel}","templated":true}]}}