{"id":1916,"date":"2019-12-23T10:55:00","date_gmt":"2019-12-23T10:55:00","guid":{"rendered":"https:\/\/www.sacrecoeurvercel.com\/?p=1916"},"modified":"2019-12-20T11:04:03","modified_gmt":"2019-12-20T11:04:03","slug":"temps-fort-de-noel","status":"publish","type":"post","link":"https:\/\/www.sacrecoeurvercel.com\/index.php\/2019\/12\/23\/temps-fort-de-noel\/","title":{"rendered":"Temps fort de NO\u00cbL 2019"},"content":{"rendered":"\n<figure class=\"wp-block-image size-large is-resized\"><img decoding=\"async\" loading=\"lazy\" src=\"https:\/\/www.sacrecoeurvercel.com\/wp-content\/uploads\/2019\/12\/temps-fort-noel.jpg\" alt=\"\" class=\"wp-image-1918\" width=\"146\" height=\"194\" srcset=\"https:\/\/www.sacrecoeurvercel.com\/wp-content\/uploads\/2019\/12\/temps-fort-noel.jpg 540w, https:\/\/www.sacrecoeurvercel.com\/wp-content\/uploads\/2019\/12\/temps-fort-noel-225x300.jpg 225w\" sizes=\"(max-width: 146px) 100vw, 146px\" \/><figcaption>Temps fort de NO\u00cbL pour nos \u00e9l\u00e8ves du coll\u00e8ge<\/figcaption><\/figure>\n\n\n\n<figure class=\"wp-block-image size-large is-resized\"><img decoding=\"async\" loading=\"lazy\" src=\"https:\/\/www.sacrecoeurvercel.com\/wp-content\/uploads\/2019\/12\/tps-fort-noel-2019.jpg\" alt=\"\" class=\"wp-image-1917\" width=\"181\" height=\"241\" srcset=\"https:\/\/www.sacrecoeurvercel.com\/wp-content\/uploads\/2019\/12\/tps-fort-noel-2019.jpg 540w, https:\/\/www.sacrecoeurvercel.com\/wp-content\/uploads\/2019\/12\/tps-fort-noel-2019-225x300.jpg 225w\" sizes=\"(max-width: 181px) 100vw, 181px\" \/><figcaption>Temps de pri\u00e8re et de recueillement <\/figcaption><\/figure>\n","protected":false},"excerpt":{"rendered":"<p>Temps fort de NO\u00cbL pour nos \u00e9l\u00e8ves du coll\u00e8ge Temps de pri\u00e8re et de recueillement<\/p>\n","protected":false},"author":8,"featured_media":1919,"comment_status":"closed","ping_status":"closed","sticky":false,"template":"","format":"standard","meta":[],"categories":[7,5],"tags":[],"_links":{"self":[{"href":"https:\/\/www.sacrecoeurvercel.com\/index.php\/wp-json\/wp\/v2\/posts\/1916"}],"collection":[{"href":"https:\/\/www.sacrecoeurvercel.com\/index.php\/wp-json\/wp\/v2\/posts"}],"about":[{"href":"https:\/\/www.sacrecoeurvercel.com\/index.php\/wp-json\/wp\/v2\/types\/post"}],"author":[{"embeddable":true,"href":"https:\/\/www.sacrecoeurvercel.com\/index.php\/wp-json\/wp\/v2\/users\/8"}],"replies":[{"embeddable":true,"href":"https:\/\/www.sacrecoeurvercel.com\/index.php\/wp-json\/wp\/v2\/comments?post=1916"}],"version-history":[{"count":2,"href":"https:\/\/www.sacrecoeurvercel.com\/index.php\/wp-json\/wp\/v2\/posts\/1916\/revisions"}],"predecessor-version":[{"id":1921,"href":"https:\/\/www.sacrecoeurvercel.com\/index.php\/wp-json\/wp\/v2\/posts\/1916\/revisions\/1921"}],"wp:featuredmedia":[{"embeddable":true,"href":"https:\/\/www.sacrecoeurvercel.com\/index.php\/wp-json\/wp\/v2\/media\/1919"}],"wp:attachment":[{"href":"https:\/\/www.sacrecoeurvercel.com\/index.php\/wp-json\/wp\/v2\/media?parent=1916"}],"wp:term":[{"taxonomy":"category","embeddable":true,"href":"https:\/\/www.sacrecoeurvercel.com\/index.php\/wp-json\/wp\/v2\/categories?post=1916"},{"taxonomy":"post_tag","embeddable":true,"href":"https:\/\/www.sacrecoeurvercel.com\/index.php\/wp-json\/wp\/v2\/tags?post=1916"}],"curies":[{"name":"wp","href":"https:\/\/api.w.org\/{rel}","templated":true}]}}