{"id":1930,"date":"2020-01-21T16:10:10","date_gmt":"2020-01-21T16:10:10","guid":{"rendered":"https:\/\/www.sacrecoeurvercel.com\/?p=1930"},"modified":"2020-01-21T16:10:10","modified_gmt":"2020-01-21T16:10:10","slug":"lentente-franco-allemand","status":"publish","type":"post","link":"https:\/\/www.sacrecoeurvercel.com\/index.php\/2020\/01\/21\/lentente-franco-allemand\/","title":{"rendered":"L&rsquo;entente \u00ab\u00a0Franco-Allemand\u00a0\u00bb"},"content":{"rendered":"\n<p>Cette semaine, nous f\u00eatons l&rsquo;entente \u00ab\u00a0Franco-Allemand\u00a0\u00bb sign\u00e9e par l&rsquo;Elys\u00e9e en 1963. <br> Plusieurs travaux effectu\u00e9s par nos \u00e9l\u00e8ves et un repas vendredi choisi par nos \u00e9l\u00e8ves de 5 i\u00e8me.<a href=\"https:\/\/www.facebook.com\/photo.php?fbid=788684004983405&amp;set=pcb.788685958316543&amp;type=3&amp;__tn__=HH-R&amp;eid=ARBJ6Y1PavJTRv19soRRT0PY04eEp1CgXDmHxMWLX2jxBKvP0m9SVdCBlBeyXexuelp9G_aIoYguCRXr\"><\/a><\/p>\n\n\n\n<figure class=\"wp-block-image size-large is-resized\"><img decoding=\"async\" loading=\"lazy\" src=\"https:\/\/www.sacrecoeurvercel.com\/wp-content\/uploads\/2020\/01\/alle-1-comp..jpg\" alt=\"\" class=\"wp-image-1932\" width=\"252\" height=\"189\" srcset=\"https:\/\/www.sacrecoeurvercel.com\/wp-content\/uploads\/2020\/01\/alle-1-comp..jpg 448w, https:\/\/www.sacrecoeurvercel.com\/wp-content\/uploads\/2020\/01\/alle-1-comp.-300x225.jpg 300w\" sizes=\"(max-width: 252px) 100vw, 252px\" \/><\/figure>\n\n\n\n<figure class=\"wp-block-image size-large\"><img decoding=\"async\" loading=\"lazy\" width=\"448\" height=\"336\" src=\"https:\/\/www.sacrecoeurvercel.com\/wp-content\/uploads\/2020\/01\/allemand-2-comp.jpg\" alt=\"\" class=\"wp-image-1933\" srcset=\"https:\/\/www.sacrecoeurvercel.com\/wp-content\/uploads\/2020\/01\/allemand-2-comp.jpg 448w, https:\/\/www.sacrecoeurvercel.com\/wp-content\/uploads\/2020\/01\/allemand-2-comp-300x225.jpg 300w\" sizes=\"(max-width: 448px) 100vw, 448px\" \/><\/figure>\n","protected":false},"excerpt":{"rendered":"<p>Cette semaine, nous f\u00eatons l&rsquo;entente \u00ab\u00a0Franco-Allemand\u00a0\u00bb sign\u00e9e par l&rsquo;Elys\u00e9e en 1963. Plusieurs travaux effectu\u00e9s par nos \u00e9l\u00e8ves et un repas vendredi choisi par nos \u00e9l\u00e8ves de 5 i\u00e8me.<\/p>\n","protected":false},"author":8,"featured_media":1931,"comment_status":"closed","ping_status":"closed","sticky":false,"template":"","format":"standard","meta":[],"categories":[7,8],"tags":[],"_links":{"self":[{"href":"https:\/\/www.sacrecoeurvercel.com\/index.php\/wp-json\/wp\/v2\/posts\/1930"}],"collection":[{"href":"https:\/\/www.sacrecoeurvercel.com\/index.php\/wp-json\/wp\/v2\/posts"}],"about":[{"href":"https:\/\/www.sacrecoeurvercel.com\/index.php\/wp-json\/wp\/v2\/types\/post"}],"author":[{"embeddable":true,"href":"https:\/\/www.sacrecoeurvercel.com\/index.php\/wp-json\/wp\/v2\/users\/8"}],"replies":[{"embeddable":true,"href":"https:\/\/www.sacrecoeurvercel.com\/index.php\/wp-json\/wp\/v2\/comments?post=1930"}],"version-history":[{"count":1,"href":"https:\/\/www.sacrecoeurvercel.com\/index.php\/wp-json\/wp\/v2\/posts\/1930\/revisions"}],"predecessor-version":[{"id":1934,"href":"https:\/\/www.sacrecoeurvercel.com\/index.php\/wp-json\/wp\/v2\/posts\/1930\/revisions\/1934"}],"wp:featuredmedia":[{"embeddable":true,"href":"https:\/\/www.sacrecoeurvercel.com\/index.php\/wp-json\/wp\/v2\/media\/1931"}],"wp:attachment":[{"href":"https:\/\/www.sacrecoeurvercel.com\/index.php\/wp-json\/wp\/v2\/media?parent=1930"}],"wp:term":[{"taxonomy":"category","embeddable":true,"href":"https:\/\/www.sacrecoeurvercel.com\/index.php\/wp-json\/wp\/v2\/categories?post=1930"},{"taxonomy":"post_tag","embeddable":true,"href":"https:\/\/www.sacrecoeurvercel.com\/index.php\/wp-json\/wp\/v2\/tags?post=1930"}],"curies":[{"name":"wp","href":"https:\/\/api.w.org\/{rel}","templated":true}]}}