{"id":1988,"date":"2019-12-14T10:12:00","date_gmt":"2019-12-14T10:12:00","guid":{"rendered":"https:\/\/www.sacrecoeurvercel.com\/?p=1988"},"modified":"2020-02-18T10:17:55","modified_gmt":"2020-02-18T10:17:55","slug":"lamitie-franco-allemande","status":"publish","type":"post","link":"https:\/\/www.sacrecoeurvercel.com\/index.php\/2019\/12\/14\/lamitie-franco-allemande\/","title":{"rendered":"L&rsquo;amiti\u00e9 Franco Allemande"},"content":{"rendered":"\n<figure class=\"wp-block-image size-large\"><img decoding=\"async\" loading=\"lazy\" width=\"448\" height=\"336\" src=\"https:\/\/www.sacrecoeurvercel.com\/wp-content\/uploads\/2020\/02\/allemand-comp.jpg\" alt=\"\" class=\"wp-image-1990\" srcset=\"https:\/\/www.sacrecoeurvercel.com\/wp-content\/uploads\/2020\/02\/allemand-comp.jpg 448w, https:\/\/www.sacrecoeurvercel.com\/wp-content\/uploads\/2020\/02\/allemand-comp-300x225.jpg 300w\" sizes=\"(max-width: 448px) 100vw, 448px\" \/><\/figure>\n\n\n\n<p>Dans notre \u00e9tablissement, des \u00e9changes se font chaque ann\u00e9e avec la ville de Kaiserlautern, ainsi que des sorties comme le march\u00e9 de n\u00f6el, la semaine de d\u00e9gustation de plats  allemands dans notre cantine&#8230;. <\/p>\n","protected":false},"excerpt":{"rendered":"<p>Dans notre \u00e9tablissement, des \u00e9changes se font chaque ann\u00e9e avec la ville de Kaiserlautern, ainsi que des sorties comme le march\u00e9 de n\u00f6el, la semaine de d\u00e9gustation de plats allemands dans notre cantine&#8230;.<\/p>\n","protected":false},"author":8,"featured_media":1990,"comment_status":"closed","ping_status":"closed","sticky":false,"template":"","format":"standard","meta":[],"categories":[8],"tags":[],"_links":{"self":[{"href":"https:\/\/www.sacrecoeurvercel.com\/index.php\/wp-json\/wp\/v2\/posts\/1988"}],"collection":[{"href":"https:\/\/www.sacrecoeurvercel.com\/index.php\/wp-json\/wp\/v2\/posts"}],"about":[{"href":"https:\/\/www.sacrecoeurvercel.com\/index.php\/wp-json\/wp\/v2\/types\/post"}],"author":[{"embeddable":true,"href":"https:\/\/www.sacrecoeurvercel.com\/index.php\/wp-json\/wp\/v2\/users\/8"}],"replies":[{"embeddable":true,"href":"https:\/\/www.sacrecoeurvercel.com\/index.php\/wp-json\/wp\/v2\/comments?post=1988"}],"version-history":[{"count":1,"href":"https:\/\/www.sacrecoeurvercel.com\/index.php\/wp-json\/wp\/v2\/posts\/1988\/revisions"}],"predecessor-version":[{"id":1991,"href":"https:\/\/www.sacrecoeurvercel.com\/index.php\/wp-json\/wp\/v2\/posts\/1988\/revisions\/1991"}],"wp:featuredmedia":[{"embeddable":true,"href":"https:\/\/www.sacrecoeurvercel.com\/index.php\/wp-json\/wp\/v2\/media\/1990"}],"wp:attachment":[{"href":"https:\/\/www.sacrecoeurvercel.com\/index.php\/wp-json\/wp\/v2\/media?parent=1988"}],"wp:term":[{"taxonomy":"category","embeddable":true,"href":"https:\/\/www.sacrecoeurvercel.com\/index.php\/wp-json\/wp\/v2\/categories?post=1988"},{"taxonomy":"post_tag","embeddable":true,"href":"https:\/\/www.sacrecoeurvercel.com\/index.php\/wp-json\/wp\/v2\/tags?post=1988"}],"curies":[{"name":"wp","href":"https:\/\/api.w.org\/{rel}","templated":true}]}}