{"id":1998,"date":"2019-12-14T10:30:00","date_gmt":"2019-12-14T10:30:00","guid":{"rendered":"https:\/\/www.sacrecoeurvercel.com\/?p=1998"},"modified":"2020-02-18T10:35:09","modified_gmt":"2020-02-18T10:35:09","slug":"une-nouvelle-salle-meditation-relaxation","status":"publish","type":"post","link":"https:\/\/www.sacrecoeurvercel.com\/index.php\/2019\/12\/14\/une-nouvelle-salle-meditation-relaxation\/","title":{"rendered":"Une nouvelle salle m\u00e9ditation &#8211;  relaxation"},"content":{"rendered":"\n<figure class=\"wp-block-image size-large\"><img decoding=\"async\" loading=\"lazy\" width=\"448\" height=\"299\" src=\"https:\/\/www.sacrecoeurvercel.com\/wp-content\/uploads\/2020\/02\/PO-salle-de-detente-comp.jpg\" alt=\"\" class=\"wp-image-1999\" srcset=\"https:\/\/www.sacrecoeurvercel.com\/wp-content\/uploads\/2020\/02\/PO-salle-de-detente-comp.jpg 448w, https:\/\/www.sacrecoeurvercel.com\/wp-content\/uploads\/2020\/02\/PO-salle-de-detente-comp-300x200.jpg 300w, https:\/\/www.sacrecoeurvercel.com\/wp-content\/uploads\/2020\/02\/PO-salle-de-detente-comp-391x260.jpg 391w\" sizes=\"(max-width: 448px) 100vw, 448px\" \/><\/figure>\n\n\n\n<p>Une nouvelle salle de d\u00e9tente\/relaxation a \u00e9t\u00e9 install\u00e9e pour accueillir nos \u00e9l\u00e8ves en atelier.<\/p>\n","protected":false},"excerpt":{"rendered":"<p>Une nouvelle salle de d\u00e9tente\/relaxation a \u00e9t\u00e9 install\u00e9e pour accueillir nos \u00e9l\u00e8ves en atelier.<\/p>\n","protected":false},"author":8,"featured_media":1999,"comment_status":"closed","ping_status":"closed","sticky":false,"template":"","format":"standard","meta":[],"categories":[4,23],"tags":[],"_links":{"self":[{"href":"https:\/\/www.sacrecoeurvercel.com\/index.php\/wp-json\/wp\/v2\/posts\/1998"}],"collection":[{"href":"https:\/\/www.sacrecoeurvercel.com\/index.php\/wp-json\/wp\/v2\/posts"}],"about":[{"href":"https:\/\/www.sacrecoeurvercel.com\/index.php\/wp-json\/wp\/v2\/types\/post"}],"author":[{"embeddable":true,"href":"https:\/\/www.sacrecoeurvercel.com\/index.php\/wp-json\/wp\/v2\/users\/8"}],"replies":[{"embeddable":true,"href":"https:\/\/www.sacrecoeurvercel.com\/index.php\/wp-json\/wp\/v2\/comments?post=1998"}],"version-history":[{"count":1,"href":"https:\/\/www.sacrecoeurvercel.com\/index.php\/wp-json\/wp\/v2\/posts\/1998\/revisions"}],"predecessor-version":[{"id":2000,"href":"https:\/\/www.sacrecoeurvercel.com\/index.php\/wp-json\/wp\/v2\/posts\/1998\/revisions\/2000"}],"wp:featuredmedia":[{"embeddable":true,"href":"https:\/\/www.sacrecoeurvercel.com\/index.php\/wp-json\/wp\/v2\/media\/1999"}],"wp:attachment":[{"href":"https:\/\/www.sacrecoeurvercel.com\/index.php\/wp-json\/wp\/v2\/media?parent=1998"}],"wp:term":[{"taxonomy":"category","embeddable":true,"href":"https:\/\/www.sacrecoeurvercel.com\/index.php\/wp-json\/wp\/v2\/categories?post=1998"},{"taxonomy":"post_tag","embeddable":true,"href":"https:\/\/www.sacrecoeurvercel.com\/index.php\/wp-json\/wp\/v2\/tags?post=1998"}],"curies":[{"name":"wp","href":"https:\/\/api.w.org\/{rel}","templated":true}]}}