{"id":2007,"date":"2020-02-18T11:14:22","date_gmt":"2020-02-18T11:14:22","guid":{"rendered":"https:\/\/www.sacrecoeurvercel.com\/?p=2007"},"modified":"2020-02-20T10:36:02","modified_gmt":"2020-02-20T10:36:02","slug":"classe-foot","status":"publish","type":"post","link":"https:\/\/www.sacrecoeurvercel.com\/index.php\/2020\/02\/18\/classe-foot\/","title":{"rendered":"Classe foot"},"content":{"rendered":"\n<figure class=\"wp-block-image size-large\"><img decoding=\"async\" loading=\"lazy\" width=\"750\" height=\"375\" src=\"https:\/\/www.sacrecoeurvercel.com\/wp-content\/uploads\/2020\/02\/foot.jpg\" alt=\"\" class=\"wp-image-2008\" srcset=\"https:\/\/www.sacrecoeurvercel.com\/wp-content\/uploads\/2020\/02\/foot.jpg 750w, https:\/\/www.sacrecoeurvercel.com\/wp-content\/uploads\/2020\/02\/foot-300x150.jpg 300w\" sizes=\"(max-width: 750px) 100vw, 750px\" \/><\/figure>\n\n\n\n<p>Les \u00e9l\u00e8ves peuvent s&rsquo;inscrire en classe FOOT \u00e0 partir de la 6 i\u00e8me. 2 entrainements par semaine le lundi de 15h00 \u00e0 16h30 et le mercredi matin de 08h20 \u00e0 10h00.<\/p>\n\n\n\n<p><\/p>\n\n\n\n<p><strong><em>Conditions d\u2019admission&nbsp;:<\/em><\/strong><\/p>\n\n\n\n<ul><li>avoir pass\u00e9 les tests tactiques, techniques et\nphysiques,<\/li><li>\u00eatre admis par la commission d\u2019examen des\ndossiers scolaires compos\u00e9e du chef d\u2019\u00e9tablissement et de l\u2019\u00e9quipe enseignante.<\/li><li>avoir fait compl\u00e9ter le certificat m\u00e9dical\nsp\u00e9cifique joint (voir explications ci-dessous)<\/li><\/ul>\n\n\n\n<p>\n\n\n\n\n\njouer en club\n\n\n\n<\/p>\n\n\n\n<h2>Le concours d\u2019entr\u00e9e\naura lieu<\/h2>\n\n\n\n<p><strong><em>Mercredi 10 juin 2020<\/em><\/strong><strong><em> au stade de VALDAHON <\/em><\/strong><strong><em>(terrain synth\u00e9tique)<\/em><\/strong><\/p>\n\n\n\n<p><br><\/p>\n","protected":false},"excerpt":{"rendered":"<p>Les \u00e9l\u00e8ves peuvent s&rsquo;inscrire en classe FOOT \u00e0 partir de la 6 i\u00e8me. 2 entrainements par semaine le lundi de 15h00 \u00e0 16h30 et le mercredi matin de 08h20 \u00e0 10h00. Conditions d\u2019admission&nbsp;: avoir pass\u00e9&#8230;<\/p>\n","protected":false},"author":8,"featured_media":2010,"comment_status":"closed","ping_status":"closed","sticky":false,"template":"","format":"standard","meta":[],"categories":[7,13,32],"tags":[],"_links":{"self":[{"href":"https:\/\/www.sacrecoeurvercel.com\/index.php\/wp-json\/wp\/v2\/posts\/2007"}],"collection":[{"href":"https:\/\/www.sacrecoeurvercel.com\/index.php\/wp-json\/wp\/v2\/posts"}],"about":[{"href":"https:\/\/www.sacrecoeurvercel.com\/index.php\/wp-json\/wp\/v2\/types\/post"}],"author":[{"embeddable":true,"href":"https:\/\/www.sacrecoeurvercel.com\/index.php\/wp-json\/wp\/v2\/users\/8"}],"replies":[{"embeddable":true,"href":"https:\/\/www.sacrecoeurvercel.com\/index.php\/wp-json\/wp\/v2\/comments?post=2007"}],"version-history":[{"count":1,"href":"https:\/\/www.sacrecoeurvercel.com\/index.php\/wp-json\/wp\/v2\/posts\/2007\/revisions"}],"predecessor-version":[{"id":2009,"href":"https:\/\/www.sacrecoeurvercel.com\/index.php\/wp-json\/wp\/v2\/posts\/2007\/revisions\/2009"}],"wp:featuredmedia":[{"embeddable":true,"href":"https:\/\/www.sacrecoeurvercel.com\/index.php\/wp-json\/wp\/v2\/media\/2010"}],"wp:attachment":[{"href":"https:\/\/www.sacrecoeurvercel.com\/index.php\/wp-json\/wp\/v2\/media?parent=2007"}],"wp:term":[{"taxonomy":"category","embeddable":true,"href":"https:\/\/www.sacrecoeurvercel.com\/index.php\/wp-json\/wp\/v2\/categories?post=2007"},{"taxonomy":"post_tag","embeddable":true,"href":"https:\/\/www.sacrecoeurvercel.com\/index.php\/wp-json\/wp\/v2\/tags?post=2007"}],"curies":[{"name":"wp","href":"https:\/\/api.w.org\/{rel}","templated":true}]}}