{"id":2017,"date":"2020-01-06T12:25:00","date_gmt":"2020-01-06T12:25:00","guid":{"rendered":"https:\/\/www.sacrecoeurvercel.com\/?p=2017"},"modified":"2020-02-18T12:29:26","modified_gmt":"2020-02-18T12:29:26","slug":"notre-mascotte-en-couleur","status":"publish","type":"post","link":"https:\/\/www.sacrecoeurvercel.com\/index.php\/2020\/01\/06\/notre-mascotte-en-couleur\/","title":{"rendered":"Notre mascotte en couleur!"},"content":{"rendered":"\n<figure class=\"wp-block-image size-large\"><img decoding=\"async\" loading=\"lazy\" width=\"336\" height=\"336\" src=\"https:\/\/www.sacrecoeurvercel.com\/wp-content\/uploads\/2020\/02\/Mascotte_Avec_Lumiere_Inte\u00b4rieure_-comp.jpg\" alt=\"\" class=\"wp-image-2018\" srcset=\"https:\/\/www.sacrecoeurvercel.com\/wp-content\/uploads\/2020\/02\/Mascotte_Avec_Lumiere_Inte\u00b4rieure_-comp.jpg 336w, https:\/\/www.sacrecoeurvercel.com\/wp-content\/uploads\/2020\/02\/Mascotte_Avec_Lumiere_Inte\u00b4rieure_-comp-300x300.jpg 300w, https:\/\/www.sacrecoeurvercel.com\/wp-content\/uploads\/2020\/02\/Mascotte_Avec_Lumiere_Inte\u00b4rieure_-comp-150x150.jpg 150w\" sizes=\"(max-width: 336px) 100vw, 336px\" \/><\/figure>\n\n\n\n<p>Voici notre mascotte en couleur qui va nous suivre tous les jours dans notre \u00e9tablissement, certifi\u00e9 E3D! en route pour le d\u00e9veloppement durable<\/p>\n","protected":false},"excerpt":{"rendered":"<p>Voici notre mascotte en couleur qui va nous suivre tous les jours dans notre \u00e9tablissement, certifi\u00e9 E3D! en route pour le d\u00e9veloppement durable<\/p>\n","protected":false},"author":8,"featured_media":2018,"comment_status":"closed","ping_status":"closed","sticky":false,"template":"","format":"standard","meta":[],"categories":[4,28],"tags":[],"_links":{"self":[{"href":"https:\/\/www.sacrecoeurvercel.com\/index.php\/wp-json\/wp\/v2\/posts\/2017"}],"collection":[{"href":"https:\/\/www.sacrecoeurvercel.com\/index.php\/wp-json\/wp\/v2\/posts"}],"about":[{"href":"https:\/\/www.sacrecoeurvercel.com\/index.php\/wp-json\/wp\/v2\/types\/post"}],"author":[{"embeddable":true,"href":"https:\/\/www.sacrecoeurvercel.com\/index.php\/wp-json\/wp\/v2\/users\/8"}],"replies":[{"embeddable":true,"href":"https:\/\/www.sacrecoeurvercel.com\/index.php\/wp-json\/wp\/v2\/comments?post=2017"}],"version-history":[{"count":1,"href":"https:\/\/www.sacrecoeurvercel.com\/index.php\/wp-json\/wp\/v2\/posts\/2017\/revisions"}],"predecessor-version":[{"id":2019,"href":"https:\/\/www.sacrecoeurvercel.com\/index.php\/wp-json\/wp\/v2\/posts\/2017\/revisions\/2019"}],"wp:featuredmedia":[{"embeddable":true,"href":"https:\/\/www.sacrecoeurvercel.com\/index.php\/wp-json\/wp\/v2\/media\/2018"}],"wp:attachment":[{"href":"https:\/\/www.sacrecoeurvercel.com\/index.php\/wp-json\/wp\/v2\/media?parent=2017"}],"wp:term":[{"taxonomy":"category","embeddable":true,"href":"https:\/\/www.sacrecoeurvercel.com\/index.php\/wp-json\/wp\/v2\/categories?post=2017"},{"taxonomy":"post_tag","embeddable":true,"href":"https:\/\/www.sacrecoeurvercel.com\/index.php\/wp-json\/wp\/v2\/tags?post=2017"}],"curies":[{"name":"wp","href":"https:\/\/api.w.org\/{rel}","templated":true}]}}