{"id":2035,"date":"2019-09-27T13:40:00","date_gmt":"2019-09-27T13:40:00","guid":{"rendered":"https:\/\/www.sacrecoeurvercel.com\/?p=2035"},"modified":"2020-02-18T13:46:32","modified_gmt":"2020-02-18T13:46:32","slug":"lassociation-sportive-au-college","status":"publish","type":"post","link":"https:\/\/www.sacrecoeurvercel.com\/index.php\/2019\/09\/27\/lassociation-sportive-au-college\/","title":{"rendered":"l&rsquo;Association Sportive au coll\u00e8ge"},"content":{"rendered":"\n<p>Vous pouvez vous inscrire \u00e0 notre association sportive en d\u00e9but d&rsquo;ann\u00e9e scolaire. Nous organisons toute l&rsquo;ann\u00e9e, le mercredi apr\u00e8s midi, des activit\u00e9s sportives entre \u00e9l\u00e8ves du coll\u00e8ge et avec d&rsquo;autres \u00e9tablissements. Une bonne ambiance garantie!<\/p>\n\n\n\n<figure class=\"wp-block-image size-large\"><img decoding=\"async\" loading=\"lazy\" width=\"512\" height=\"341\" src=\"https:\/\/www.sacrecoeurvercel.com\/wp-content\/uploads\/2020\/02\/vySlJvZyq3ve-5I0Tr-nlTIevlhHGNHFej4uogWHdhaoHi3yUdjHAQO58u5Nuc6MMMs_UKd260TlVMUcYqPn1A6-nC8k65lt3Fav_gBOmkcL.jpg\" alt=\"\" class=\"wp-image-2036\" srcset=\"https:\/\/www.sacrecoeurvercel.com\/wp-content\/uploads\/2020\/02\/vySlJvZyq3ve-5I0Tr-nlTIevlhHGNHFej4uogWHdhaoHi3yUdjHAQO58u5Nuc6MMMs_UKd260TlVMUcYqPn1A6-nC8k65lt3Fav_gBOmkcL.jpg 512w, https:\/\/www.sacrecoeurvercel.com\/wp-content\/uploads\/2020\/02\/vySlJvZyq3ve-5I0Tr-nlTIevlhHGNHFej4uogWHdhaoHi3yUdjHAQO58u5Nuc6MMMs_UKd260TlVMUcYqPn1A6-nC8k65lt3Fav_gBOmkcL-300x200.jpg 300w, https:\/\/www.sacrecoeurvercel.com\/wp-content\/uploads\/2020\/02\/vySlJvZyq3ve-5I0Tr-nlTIevlhHGNHFej4uogWHdhaoHi3yUdjHAQO58u5Nuc6MMMs_UKd260TlVMUcYqPn1A6-nC8k65lt3Fav_gBOmkcL-391x260.jpg 391w\" sizes=\"(max-width: 512px) 100vw, 512px\" \/><\/figure>\n","protected":false},"excerpt":{"rendered":"<p>Vous pouvez vous inscrire \u00e0 notre association sportive en d\u00e9but d&rsquo;ann\u00e9e scolaire. Nous organisons toute l&rsquo;ann\u00e9e, le mercredi apr\u00e8s midi, des activit\u00e9s sportives entre \u00e9l\u00e8ves du coll\u00e8ge et avec d&rsquo;autres \u00e9tablissements. Une bonne ambiance garantie!<\/p>\n","protected":false},"author":8,"featured_media":2037,"comment_status":"closed","ping_status":"closed","sticky":false,"template":"","format":"standard","meta":[],"categories":[7,13],"tags":[],"_links":{"self":[{"href":"https:\/\/www.sacrecoeurvercel.com\/index.php\/wp-json\/wp\/v2\/posts\/2035"}],"collection":[{"href":"https:\/\/www.sacrecoeurvercel.com\/index.php\/wp-json\/wp\/v2\/posts"}],"about":[{"href":"https:\/\/www.sacrecoeurvercel.com\/index.php\/wp-json\/wp\/v2\/types\/post"}],"author":[{"embeddable":true,"href":"https:\/\/www.sacrecoeurvercel.com\/index.php\/wp-json\/wp\/v2\/users\/8"}],"replies":[{"embeddable":true,"href":"https:\/\/www.sacrecoeurvercel.com\/index.php\/wp-json\/wp\/v2\/comments?post=2035"}],"version-history":[{"count":1,"href":"https:\/\/www.sacrecoeurvercel.com\/index.php\/wp-json\/wp\/v2\/posts\/2035\/revisions"}],"predecessor-version":[{"id":2038,"href":"https:\/\/www.sacrecoeurvercel.com\/index.php\/wp-json\/wp\/v2\/posts\/2035\/revisions\/2038"}],"wp:featuredmedia":[{"embeddable":true,"href":"https:\/\/www.sacrecoeurvercel.com\/index.php\/wp-json\/wp\/v2\/media\/2037"}],"wp:attachment":[{"href":"https:\/\/www.sacrecoeurvercel.com\/index.php\/wp-json\/wp\/v2\/media?parent=2035"}],"wp:term":[{"taxonomy":"category","embeddable":true,"href":"https:\/\/www.sacrecoeurvercel.com\/index.php\/wp-json\/wp\/v2\/categories?post=2035"},{"taxonomy":"post_tag","embeddable":true,"href":"https:\/\/www.sacrecoeurvercel.com\/index.php\/wp-json\/wp\/v2\/tags?post=2035"}],"curies":[{"name":"wp","href":"https:\/\/api.w.org\/{rel}","templated":true}]}}