{"id":2055,"date":"2019-09-03T12:45:00","date_gmt":"2019-09-03T12:45:00","guid":{"rendered":"https:\/\/www.sacrecoeurvercel.com\/?p=2055"},"modified":"2020-02-20T13:02:44","modified_gmt":"2020-02-20T13:02:44","slug":"2055","status":"publish","type":"post","link":"https:\/\/www.sacrecoeurvercel.com\/index.php\/2019\/09\/03\/2055\/","title":{"rendered":"Venez ! Chantez!          Amusez vous&#8230;."},"content":{"rendered":"\n<p><\/p>\n\n\n\n<p><\/p>\n\n\n\n<p>Venez participer et chanter dans notre chorale du Sacr\u00e9 C\u0153ur, anim\u00e9e par Mme Z\u00e9halo. Les r\u00e9p\u00e9titions se font le mercredi apr\u00e8s midi, et des animations sont pr\u00e9vues toute l&rsquo;ann\u00e9e scolaire. ( concerts, sorties, cr\u00e9ation d&rsquo;un CD&#8230;)<\/p>\n\n\n\n<div class=\"wp-block-image\"><figure class=\"aligncenter size-large\"><img decoding=\"async\" loading=\"lazy\" width=\"448\" height=\"257\" src=\"https:\/\/www.sacrecoeurvercel.com\/wp-content\/uploads\/2020\/02\/choral1-comp.jpg\" alt=\"\" class=\"wp-image-2061\" srcset=\"https:\/\/www.sacrecoeurvercel.com\/wp-content\/uploads\/2020\/02\/choral1-comp.jpg 448w, https:\/\/www.sacrecoeurvercel.com\/wp-content\/uploads\/2020\/02\/choral1-comp-300x172.jpg 300w\" sizes=\"(max-width: 448px) 100vw, 448px\" \/><\/figure><\/div>\n","protected":false},"excerpt":{"rendered":"<p>Venez participer et chanter dans notre chorale du Sacr\u00e9 C\u0153ur, anim\u00e9e par Mme Z\u00e9halo. Les r\u00e9p\u00e9titions se font le mercredi apr\u00e8s midi, et des animations sont pr\u00e9vues toute l&rsquo;ann\u00e9e scolaire. ( concerts, sorties, cr\u00e9ation d&rsquo;un&#8230;<\/p>\n","protected":false},"author":8,"featured_media":2057,"comment_status":"closed","ping_status":"closed","sticky":false,"template":"","format":"standard","meta":[],"categories":[31],"tags":[],"_links":{"self":[{"href":"https:\/\/www.sacrecoeurvercel.com\/index.php\/wp-json\/wp\/v2\/posts\/2055"}],"collection":[{"href":"https:\/\/www.sacrecoeurvercel.com\/index.php\/wp-json\/wp\/v2\/posts"}],"about":[{"href":"https:\/\/www.sacrecoeurvercel.com\/index.php\/wp-json\/wp\/v2\/types\/post"}],"author":[{"embeddable":true,"href":"https:\/\/www.sacrecoeurvercel.com\/index.php\/wp-json\/wp\/v2\/users\/8"}],"replies":[{"embeddable":true,"href":"https:\/\/www.sacrecoeurvercel.com\/index.php\/wp-json\/wp\/v2\/comments?post=2055"}],"version-history":[{"count":4,"href":"https:\/\/www.sacrecoeurvercel.com\/index.php\/wp-json\/wp\/v2\/posts\/2055\/revisions"}],"predecessor-version":[{"id":2062,"href":"https:\/\/www.sacrecoeurvercel.com\/index.php\/wp-json\/wp\/v2\/posts\/2055\/revisions\/2062"}],"wp:featuredmedia":[{"embeddable":true,"href":"https:\/\/www.sacrecoeurvercel.com\/index.php\/wp-json\/wp\/v2\/media\/2057"}],"wp:attachment":[{"href":"https:\/\/www.sacrecoeurvercel.com\/index.php\/wp-json\/wp\/v2\/media?parent=2055"}],"wp:term":[{"taxonomy":"category","embeddable":true,"href":"https:\/\/www.sacrecoeurvercel.com\/index.php\/wp-json\/wp\/v2\/categories?post=2055"},{"taxonomy":"post_tag","embeddable":true,"href":"https:\/\/www.sacrecoeurvercel.com\/index.php\/wp-json\/wp\/v2\/tags?post=2055"}],"curies":[{"name":"wp","href":"https:\/\/api.w.org\/{rel}","templated":true}]}}