{"id":2065,"date":"2020-03-16T12:16:00","date_gmt":"2020-03-16T12:16:00","guid":{"rendered":"https:\/\/www.sacrecoeurvercel.com\/?p=2065"},"modified":"2020-04-21T12:19:59","modified_gmt":"2020-04-21T12:19:59","slug":"fermeture-temporaire","status":"publish","type":"post","link":"https:\/\/www.sacrecoeurvercel.com\/index.php\/2020\/03\/16\/fermeture-temporaire\/","title":{"rendered":"fermeture temporaire"},"content":{"rendered":"\n<p>Bonjour <br> Le groupe scolaire est actuellement ferm\u00e9 au public  \ncependant nous ouvrons nos portes pour les parents qui travaillent dans \nle secteur m\u00e9dical , pour garder leurs enfants et leurs permettre la \ncontinuit\u00e9 p\u00e9dagogique. <\/p>\n\n\n\n<p> Merci de nous contacter par t\u00e9l\u00e9phone ou par mail  pour vous faire conna\u00eetre  03 81 58 36 24 ou sacre-coeur@wanadoo.fr<\/p>\n","protected":false},"excerpt":{"rendered":"<p>Bonjour Le groupe scolaire est actuellement ferm\u00e9 au public cependant nous ouvrons nos portes pour les parents qui travaillent dans le secteur m\u00e9dical , pour garder leurs enfants et leurs permettre la continuit\u00e9 p\u00e9dagogique. Merci&#8230;<\/p>\n","protected":false},"author":8,"featured_media":2066,"comment_status":"closed","ping_status":"closed","sticky":false,"template":"","format":"standard","meta":[],"categories":[7,4,6],"tags":[],"_links":{"self":[{"href":"https:\/\/www.sacrecoeurvercel.com\/index.php\/wp-json\/wp\/v2\/posts\/2065"}],"collection":[{"href":"https:\/\/www.sacrecoeurvercel.com\/index.php\/wp-json\/wp\/v2\/posts"}],"about":[{"href":"https:\/\/www.sacrecoeurvercel.com\/index.php\/wp-json\/wp\/v2\/types\/post"}],"author":[{"embeddable":true,"href":"https:\/\/www.sacrecoeurvercel.com\/index.php\/wp-json\/wp\/v2\/users\/8"}],"replies":[{"embeddable":true,"href":"https:\/\/www.sacrecoeurvercel.com\/index.php\/wp-json\/wp\/v2\/comments?post=2065"}],"version-history":[{"count":1,"href":"https:\/\/www.sacrecoeurvercel.com\/index.php\/wp-json\/wp\/v2\/posts\/2065\/revisions"}],"predecessor-version":[{"id":2067,"href":"https:\/\/www.sacrecoeurvercel.com\/index.php\/wp-json\/wp\/v2\/posts\/2065\/revisions\/2067"}],"wp:featuredmedia":[{"embeddable":true,"href":"https:\/\/www.sacrecoeurvercel.com\/index.php\/wp-json\/wp\/v2\/media\/2066"}],"wp:attachment":[{"href":"https:\/\/www.sacrecoeurvercel.com\/index.php\/wp-json\/wp\/v2\/media?parent=2065"}],"wp:term":[{"taxonomy":"category","embeddable":true,"href":"https:\/\/www.sacrecoeurvercel.com\/index.php\/wp-json\/wp\/v2\/categories?post=2065"},{"taxonomy":"post_tag","embeddable":true,"href":"https:\/\/www.sacrecoeurvercel.com\/index.php\/wp-json\/wp\/v2\/tags?post=2065"}],"curies":[{"name":"wp","href":"https:\/\/api.w.org\/{rel}","templated":true}]}}