{"id":2079,"date":"2020-05-25T09:17:28","date_gmt":"2020-05-25T09:17:28","guid":{"rendered":"https:\/\/www.sacrecoeurvercel.com\/?p=2079"},"modified":"2020-05-25T09:17:28","modified_gmt":"2020-05-25T09:17:28","slug":"reprise-progressive-au-college-et-gestes-barrieres","status":"publish","type":"post","link":"https:\/\/www.sacrecoeurvercel.com\/index.php\/2020\/05\/25\/reprise-progressive-au-college-et-gestes-barrieres\/","title":{"rendered":"Reprise progressive au coll\u00e8ge et gestes barri\u00e8res"},"content":{"rendered":"\n<p>Bonjour,<\/p>\n\n\n\n<p>La reprise\nprogressive des cours est annonc\u00e9e pour les coll\u00e8ges&nbsp;:<\/p>\n\n\n\n<ul><li>Mardi 2 juin 2020 pour les \u00e9l\u00e8ves de 6<sup>e<\/sup>\net 5<sup>e<\/sup><\/li><li>Lundi 8 juin 2020 pour les \u00e9l\u00e8ves de 4<sup>e<\/sup>\net 3<sup>e<\/sup><\/li><\/ul>\n\n\n\n<p>Votre enfant pourra donc r\u00e9int\u00e9grer l\u2019\u00e9tablissement aux dates indiqu\u00e9es, sur la base du volontariat , et par  groupes .<\/p>\n\n\n\n<p><\/p>\n\n\n\n<p>Voici\nquelques r\u00e8gles qui seront \u00e0 respecter au coll\u00e8ge&nbsp;:<\/p>\n\n\n\n<ul><li><strong>Port du masque <\/strong>\u00a0obligatoire lorsque les r\u00e8gles de distanciation ne peuvent \u00eatre respect\u00e9es<\/li><li><strong>Prise de temp\u00e9rature<\/strong> avant le d\u00e9part pour l\u2019\u00e9cole. Votre enfant ne doit pas se rendre \u00e0 l\u2019\u00e9cole\u00a0:<ul><li>en cas de temp\u00e9rature (37,8\u00b0C ou plus),<\/li><li>en cas de sympt\u00f4mes (toux, \u00e9ternuements, nez\u00a0 qui coule, vomissements, diarrh\u00e9es \u2026).<\/li><\/ul><\/li><li><strong>Fi\u00e8vre ou sympt\u00f4mes dans la journ\u00e9e<\/strong>, il sera isol\u00e9 et un masque sera fourni le temps que les parents viennent le chercher.<\/li><li><strong>Entr\u00e9e et sortie dans l\u2019\u00e9tablissement<\/strong>\u00a0: portail rouge rue des Fourches pour les coll\u00e9giens<\/li><li><strong>Respect des gestes barri\u00e8re<\/strong> (distanciation sociale ou port du masque si cela ne peut se faire) obligatoire pour tout adulte p\u00e9n\u00e9trant dans l\u2019\u00e9tablissement<\/li><li><strong>Arriv\u00e9e des \u00e9l\u00e8ves le matin et en d\u00e9but d\u2019apr\u00e8s-midi<\/strong> :<\/li><li>Pas de d\u00e9p\u00f4t d\u2019affaires dans les casiers, pas de stationnement dans le hall mais dans la cour<\/li><li>A partir de 8h\u00a0: les \u00e9l\u00e8ves montent dans les classes<ul><li>A l\u2019arriv\u00e9e le matin et en d\u00e9but d\u2019apr\u00e8s-midi, lavage des mains par solution hydroalcoolique \u00e0 l\u2019entr\u00e9e avant de monter dans leur classe (nous signaler les contre-indications).<\/li><\/ul><\/li><\/ul>\n\n\n\n<ul><li><strong>Circulation\ndans l\u2019\u00e9tablissement<\/strong>&nbsp;: sens de circulation indiqu\u00e9\npar affichage<\/li><li><strong>R\u00e9cr\u00e9ations<\/strong>&nbsp;:\n\u00e9chelonn\u00e9es, 2 groupes en m\u00eame temps, 1 sur la cour et 1 sur le terrain de foot\n(jeux de ballons interdits)<\/li><li><strong>Cantine<\/strong>&nbsp;:\nplateaux pr\u00e9par\u00e9s (pas de self-service) et distanciation dans le r\u00e9fectoire (28\n\u00e9l\u00e8ves \u00e0 la fois). 1 personne pour d\u00e9barrasser les plateaux et d\u00e9sinfecter les\nplaces lib\u00e9r\u00e9es.<\/li><li><strong>D\u00e9sinfection\ndes locaux&nbsp;<\/strong>: 2 fois par jour (points de contact\net sanitaires \u00e0 midi, salles, sanitaires et circulation le soir) <\/li><\/ul>\n\n\n\n<p>Les \u00e9l\u00e8ves\noccuperont la m\u00eame salle toute la semaine.<\/p>\n\n\n\n<p><\/p>\n\n\n\n<p>Notre objectif est de permettre \u00e0 chacun d\u2019acqu\u00e9rir le niveau n\u00e9cessaire pour d\u00e9marrer \u00e0 la rentr\u00e9e de septembre sans lacune. Tout est mis en \u0153uvre pour aider les \u00e9l\u00e8ves \u00e0 garder confiance en l\u2019avenir et le pr\u00e9parer le mieux possible.<\/p>\n\n\n\n<p>Cordialement.<\/p>\n","protected":false},"excerpt":{"rendered":"<p>Bonjour, La reprise progressive des cours est annonc\u00e9e pour les coll\u00e8ges&nbsp;: Mardi 2 juin 2020 pour les \u00e9l\u00e8ves de 6e et 5eLundi 8 juin 2020 pour les \u00e9l\u00e8ves de 4e et 3e Votre enfant pourra&#8230;<\/p>\n","protected":false},"author":8,"featured_media":2073,"comment_status":"closed","ping_status":"closed","sticky":false,"template":"","format":"standard","meta":[],"categories":[7,4],"tags":[],"_links":{"self":[{"href":"https:\/\/www.sacrecoeurvercel.com\/index.php\/wp-json\/wp\/v2\/posts\/2079"}],"collection":[{"href":"https:\/\/www.sacrecoeurvercel.com\/index.php\/wp-json\/wp\/v2\/posts"}],"about":[{"href":"https:\/\/www.sacrecoeurvercel.com\/index.php\/wp-json\/wp\/v2\/types\/post"}],"author":[{"embeddable":true,"href":"https:\/\/www.sacrecoeurvercel.com\/index.php\/wp-json\/wp\/v2\/users\/8"}],"replies":[{"embeddable":true,"href":"https:\/\/www.sacrecoeurvercel.com\/index.php\/wp-json\/wp\/v2\/comments?post=2079"}],"version-history":[{"count":1,"href":"https:\/\/www.sacrecoeurvercel.com\/index.php\/wp-json\/wp\/v2\/posts\/2079\/revisions"}],"predecessor-version":[{"id":2080,"href":"https:\/\/www.sacrecoeurvercel.com\/index.php\/wp-json\/wp\/v2\/posts\/2079\/revisions\/2080"}],"wp:featuredmedia":[{"embeddable":true,"href":"https:\/\/www.sacrecoeurvercel.com\/index.php\/wp-json\/wp\/v2\/media\/2073"}],"wp:attachment":[{"href":"https:\/\/www.sacrecoeurvercel.com\/index.php\/wp-json\/wp\/v2\/media?parent=2079"}],"wp:term":[{"taxonomy":"category","embeddable":true,"href":"https:\/\/www.sacrecoeurvercel.com\/index.php\/wp-json\/wp\/v2\/categories?post=2079"},{"taxonomy":"post_tag","embeddable":true,"href":"https:\/\/www.sacrecoeurvercel.com\/index.php\/wp-json\/wp\/v2\/tags?post=2079"}],"curies":[{"name":"wp","href":"https:\/\/api.w.org\/{rel}","templated":true}]}}