{"id":2081,"date":"2020-05-15T09:18:00","date_gmt":"2020-05-15T09:18:00","guid":{"rendered":"https:\/\/www.sacrecoeurvercel.com\/?p=2081"},"modified":"2020-05-25T09:21:12","modified_gmt":"2020-05-25T09:21:12","slug":"collectes-du-papier","status":"publish","type":"post","link":"https:\/\/www.sacrecoeurvercel.com\/index.php\/2020\/05\/15\/collectes-du-papier\/","title":{"rendered":"Collectes du papier"},"content":{"rendered":"\n<p><\/p>\n\n\n\n<p>Toutes les collectes pr\u00e9vues pour cette fin d&rsquo;ann\u00e9e scolaire sont annul\u00e9es.<\/p>\n\n\n\n<p>Un nouveau planning vous sera propos\u00e9 \u00e0 partir de la rentr\u00e9e de Septembre.<\/p>\n\n\n\n<p><\/p>\n","protected":false},"excerpt":{"rendered":"<p>Toutes les collectes pr\u00e9vues pour cette fin d&rsquo;ann\u00e9e scolaire sont annul\u00e9es. Un nouveau planning vous sera propos\u00e9 \u00e0 partir de la rentr\u00e9e de Septembre.<\/p>\n","protected":false},"author":8,"featured_media":1740,"comment_status":"closed","ping_status":"closed","sticky":false,"template":"","format":"standard","meta":[],"categories":[7,4,6],"tags":[],"_links":{"self":[{"href":"https:\/\/www.sacrecoeurvercel.com\/index.php\/wp-json\/wp\/v2\/posts\/2081"}],"collection":[{"href":"https:\/\/www.sacrecoeurvercel.com\/index.php\/wp-json\/wp\/v2\/posts"}],"about":[{"href":"https:\/\/www.sacrecoeurvercel.com\/index.php\/wp-json\/wp\/v2\/types\/post"}],"author":[{"embeddable":true,"href":"https:\/\/www.sacrecoeurvercel.com\/index.php\/wp-json\/wp\/v2\/users\/8"}],"replies":[{"embeddable":true,"href":"https:\/\/www.sacrecoeurvercel.com\/index.php\/wp-json\/wp\/v2\/comments?post=2081"}],"version-history":[{"count":1,"href":"https:\/\/www.sacrecoeurvercel.com\/index.php\/wp-json\/wp\/v2\/posts\/2081\/revisions"}],"predecessor-version":[{"id":2082,"href":"https:\/\/www.sacrecoeurvercel.com\/index.php\/wp-json\/wp\/v2\/posts\/2081\/revisions\/2082"}],"wp:featuredmedia":[{"embeddable":true,"href":"https:\/\/www.sacrecoeurvercel.com\/index.php\/wp-json\/wp\/v2\/media\/1740"}],"wp:attachment":[{"href":"https:\/\/www.sacrecoeurvercel.com\/index.php\/wp-json\/wp\/v2\/media?parent=2081"}],"wp:term":[{"taxonomy":"category","embeddable":true,"href":"https:\/\/www.sacrecoeurvercel.com\/index.php\/wp-json\/wp\/v2\/categories?post=2081"},{"taxonomy":"post_tag","embeddable":true,"href":"https:\/\/www.sacrecoeurvercel.com\/index.php\/wp-json\/wp\/v2\/tags?post=2081"}],"curies":[{"name":"wp","href":"https:\/\/api.w.org\/{rel}","templated":true}]}}