{"id":2093,"date":"2020-06-04T06:49:09","date_gmt":"2020-06-04T06:49:09","guid":{"rendered":"https:\/\/www.sacrecoeurvercel.com\/?p=2093"},"modified":"2020-06-04T06:49:09","modified_gmt":"2020-06-04T06:49:09","slug":"reprise-de-nos-collegiens","status":"publish","type":"post","link":"https:\/\/www.sacrecoeurvercel.com\/index.php\/2020\/06\/04\/reprise-de-nos-collegiens\/","title":{"rendered":"Reprise de nos coll\u00e9giens&#8230;"},"content":{"rendered":"\n<figure class=\"wp-block-image size-large is-resized\"><img decoding=\"async\" loading=\"lazy\" src=\"https:\/\/www.sacrecoeurvercel.com\/wp-content\/uploads\/2020\/06\/covid-6-comp.jpg\" alt=\"\" class=\"wp-image-2095\" width=\"339\" height=\"254\" srcset=\"https:\/\/www.sacrecoeurvercel.com\/wp-content\/uploads\/2020\/06\/covid-6-comp.jpg 448w, https:\/\/www.sacrecoeurvercel.com\/wp-content\/uploads\/2020\/06\/covid-6-comp-300x225.jpg 300w\" sizes=\"(max-width: 339px) 100vw, 339px\" \/><figcaption> Nos \u00e9l\u00e8ves sont accueillis chaque matin au coll\u00e8ge.<br> Nous leurs donnons un masque par demi journ\u00e9e,et ensuite ils sont dirig\u00e9s dans leurs salles de classe. <br> Pr\u00eats \u00e0 travailler avec les consignes de s\u00e9curit\u00e9 et de distanciation. <\/figcaption><\/figure>\n","protected":false},"excerpt":{"rendered":"<p>Nos \u00e9l\u00e8ves sont accueillis chaque matin au coll\u00e8ge. Nous leurs donnons un masque par demi journ\u00e9e,et ensuite ils sont dirig\u00e9s dans leurs salles de classe. Pr\u00eats \u00e0 travailler avec les consignes de s\u00e9curit\u00e9 et de&#8230;<\/p>\n","protected":false},"author":8,"featured_media":2094,"comment_status":"closed","ping_status":"closed","sticky":false,"template":"","format":"standard","meta":[],"categories":[7,4],"tags":[],"_links":{"self":[{"href":"https:\/\/www.sacrecoeurvercel.com\/index.php\/wp-json\/wp\/v2\/posts\/2093"}],"collection":[{"href":"https:\/\/www.sacrecoeurvercel.com\/index.php\/wp-json\/wp\/v2\/posts"}],"about":[{"href":"https:\/\/www.sacrecoeurvercel.com\/index.php\/wp-json\/wp\/v2\/types\/post"}],"author":[{"embeddable":true,"href":"https:\/\/www.sacrecoeurvercel.com\/index.php\/wp-json\/wp\/v2\/users\/8"}],"replies":[{"embeddable":true,"href":"https:\/\/www.sacrecoeurvercel.com\/index.php\/wp-json\/wp\/v2\/comments?post=2093"}],"version-history":[{"count":1,"href":"https:\/\/www.sacrecoeurvercel.com\/index.php\/wp-json\/wp\/v2\/posts\/2093\/revisions"}],"predecessor-version":[{"id":2096,"href":"https:\/\/www.sacrecoeurvercel.com\/index.php\/wp-json\/wp\/v2\/posts\/2093\/revisions\/2096"}],"wp:featuredmedia":[{"embeddable":true,"href":"https:\/\/www.sacrecoeurvercel.com\/index.php\/wp-json\/wp\/v2\/media\/2094"}],"wp:attachment":[{"href":"https:\/\/www.sacrecoeurvercel.com\/index.php\/wp-json\/wp\/v2\/media?parent=2093"}],"wp:term":[{"taxonomy":"category","embeddable":true,"href":"https:\/\/www.sacrecoeurvercel.com\/index.php\/wp-json\/wp\/v2\/categories?post=2093"},{"taxonomy":"post_tag","embeddable":true,"href":"https:\/\/www.sacrecoeurvercel.com\/index.php\/wp-json\/wp\/v2\/tags?post=2093"}],"curies":[{"name":"wp","href":"https:\/\/api.w.org\/{rel}","templated":true}]}}