{"id":2106,"date":"2020-06-15T08:21:26","date_gmt":"2020-06-15T08:21:26","guid":{"rendered":"https:\/\/www.sacrecoeurvercel.com\/?p=2106"},"modified":"2020-06-15T08:21:26","modified_gmt":"2020-06-15T08:21:26","slug":"informations","status":"publish","type":"post","link":"https:\/\/www.sacrecoeurvercel.com\/index.php\/2020\/06\/15\/informations\/","title":{"rendered":"Informations"},"content":{"rendered":"\n<p>A tous les \u00e9l\u00e8ves et parents, <br><\/p>\n\n\n\n<p>Suite aux annonces du pr\u00e9sident de la r\u00e9publique hier soir, nous attendons des pr\u00e9cisions avant de fixer les nouvelles modalit\u00e9s de fonctionnement et d&rsquo;accueil des \u00e9l\u00e8ves. Nous ne savons pas pour le moment quelles consignes sanitaires resteraient en vigueur.<br><\/p>\n\n\n\n<p>Nous d\u00e9terminerons l&rsquo;organisation retenue une fois ces \u00e9l\u00e9ments publi\u00e9s par les autorit\u00e9s et nous informerons aussit\u00f4t que possible.<br><\/p>\n\n\n\n<p>Pour la pr\u00e9sente semaine du 15 au 19\/06, l&rsquo;organisation reste inchang\u00e9e.<br><\/p>\n\n\n\n<p>Mme Chays et Mr Valnet<\/p>\n","protected":false},"excerpt":{"rendered":"<p>A tous les \u00e9l\u00e8ves et parents, Suite aux annonces du pr\u00e9sident de la r\u00e9publique hier soir, nous attendons des pr\u00e9cisions avant de fixer les nouvelles modalit\u00e9s de fonctionnement et d&rsquo;accueil des \u00e9l\u00e8ves. Nous ne savons&#8230;<\/p>\n","protected":false},"author":8,"featured_media":2073,"comment_status":"closed","ping_status":"closed","sticky":false,"template":"","format":"standard","meta":[],"categories":[7,4,6],"tags":[],"_links":{"self":[{"href":"https:\/\/www.sacrecoeurvercel.com\/index.php\/wp-json\/wp\/v2\/posts\/2106"}],"collection":[{"href":"https:\/\/www.sacrecoeurvercel.com\/index.php\/wp-json\/wp\/v2\/posts"}],"about":[{"href":"https:\/\/www.sacrecoeurvercel.com\/index.php\/wp-json\/wp\/v2\/types\/post"}],"author":[{"embeddable":true,"href":"https:\/\/www.sacrecoeurvercel.com\/index.php\/wp-json\/wp\/v2\/users\/8"}],"replies":[{"embeddable":true,"href":"https:\/\/www.sacrecoeurvercel.com\/index.php\/wp-json\/wp\/v2\/comments?post=2106"}],"version-history":[{"count":1,"href":"https:\/\/www.sacrecoeurvercel.com\/index.php\/wp-json\/wp\/v2\/posts\/2106\/revisions"}],"predecessor-version":[{"id":2107,"href":"https:\/\/www.sacrecoeurvercel.com\/index.php\/wp-json\/wp\/v2\/posts\/2106\/revisions\/2107"}],"wp:featuredmedia":[{"embeddable":true,"href":"https:\/\/www.sacrecoeurvercel.com\/index.php\/wp-json\/wp\/v2\/media\/2073"}],"wp:attachment":[{"href":"https:\/\/www.sacrecoeurvercel.com\/index.php\/wp-json\/wp\/v2\/media?parent=2106"}],"wp:term":[{"taxonomy":"category","embeddable":true,"href":"https:\/\/www.sacrecoeurvercel.com\/index.php\/wp-json\/wp\/v2\/categories?post=2106"},{"taxonomy":"post_tag","embeddable":true,"href":"https:\/\/www.sacrecoeurvercel.com\/index.php\/wp-json\/wp\/v2\/tags?post=2106"}],"curies":[{"name":"wp","href":"https:\/\/api.w.org\/{rel}","templated":true}]}}