{"id":2119,"date":"2020-07-16T12:18:44","date_gmt":"2020-07-16T12:18:44","guid":{"rendered":"https:\/\/www.sacrecoeurvercel.com\/?p=2119"},"modified":"2020-07-16T12:18:44","modified_gmt":"2020-07-16T12:18:44","slug":"recherche-personnel","status":"publish","type":"post","link":"https:\/\/www.sacrecoeurvercel.com\/index.php\/2020\/07\/16\/recherche-personnel\/","title":{"rendered":"Recherche personnel"},"content":{"rendered":"\n<p> Nous sommes \u00e0 la recherche d&rsquo;une personne \u00e0 partir de septembre 2020 qui souhaite pr\u00e9parer un dipl\u00f4me en apprentissage dans le domaine de la petite enfance.Merci de nous envoyer votre candidature  \u00e0 sacre-coeur@wanadoo.fr <\/p>\n\n\n\n<div class=\"wp-block-image\"><figure class=\"aligncenter size-large is-resized\"><img decoding=\"async\" loading=\"lazy\" src=\"https:\/\/www.sacrecoeurvercel.com\/wp-content\/uploads\/2020\/07\/bebe-peinture-g.jpg\" alt=\"\" class=\"wp-image-2120\" width=\"428\" height=\"283\" srcset=\"https:\/\/www.sacrecoeurvercel.com\/wp-content\/uploads\/2020\/07\/bebe-peinture-g.jpg 379w, https:\/\/www.sacrecoeurvercel.com\/wp-content\/uploads\/2020\/07\/bebe-peinture-g-300x199.jpg 300w\" sizes=\"(max-width: 428px) 100vw, 428px\" \/><\/figure><\/div>\n","protected":false},"excerpt":{"rendered":"<p>Nous sommes \u00e0 la recherche d&rsquo;une personne \u00e0 partir de septembre 2020 qui souhaite pr\u00e9parer un dipl\u00f4me en apprentissage dans le domaine de la petite enfance.Merci de nous envoyer votre candidature \u00e0 sacre-coeur@wanadoo.fr<\/p>\n","protected":false},"author":8,"featured_media":2121,"comment_status":"closed","ping_status":"closed","sticky":false,"template":"","format":"standard","meta":[],"categories":[4,6],"tags":[],"_links":{"self":[{"href":"https:\/\/www.sacrecoeurvercel.com\/index.php\/wp-json\/wp\/v2\/posts\/2119"}],"collection":[{"href":"https:\/\/www.sacrecoeurvercel.com\/index.php\/wp-json\/wp\/v2\/posts"}],"about":[{"href":"https:\/\/www.sacrecoeurvercel.com\/index.php\/wp-json\/wp\/v2\/types\/post"}],"author":[{"embeddable":true,"href":"https:\/\/www.sacrecoeurvercel.com\/index.php\/wp-json\/wp\/v2\/users\/8"}],"replies":[{"embeddable":true,"href":"https:\/\/www.sacrecoeurvercel.com\/index.php\/wp-json\/wp\/v2\/comments?post=2119"}],"version-history":[{"count":1,"href":"https:\/\/www.sacrecoeurvercel.com\/index.php\/wp-json\/wp\/v2\/posts\/2119\/revisions"}],"predecessor-version":[{"id":2122,"href":"https:\/\/www.sacrecoeurvercel.com\/index.php\/wp-json\/wp\/v2\/posts\/2119\/revisions\/2122"}],"wp:featuredmedia":[{"embeddable":true,"href":"https:\/\/www.sacrecoeurvercel.com\/index.php\/wp-json\/wp\/v2\/media\/2121"}],"wp:attachment":[{"href":"https:\/\/www.sacrecoeurvercel.com\/index.php\/wp-json\/wp\/v2\/media?parent=2119"}],"wp:term":[{"taxonomy":"category","embeddable":true,"href":"https:\/\/www.sacrecoeurvercel.com\/index.php\/wp-json\/wp\/v2\/categories?post=2119"},{"taxonomy":"post_tag","embeddable":true,"href":"https:\/\/www.sacrecoeurvercel.com\/index.php\/wp-json\/wp\/v2\/tags?post=2119"}],"curies":[{"name":"wp","href":"https:\/\/api.w.org\/{rel}","templated":true}]}}