{"id":2124,"date":"2020-07-17T07:36:42","date_gmt":"2020-07-17T07:36:42","guid":{"rendered":"https:\/\/www.sacrecoeurvercel.com\/?p=2124"},"modified":"2020-07-17T07:36:42","modified_gmt":"2020-07-17T07:36:42","slug":"informations-rentree-2020","status":"publish","type":"post","link":"https:\/\/www.sacrecoeurvercel.com\/index.php\/2020\/07\/17\/informations-rentree-2020\/","title":{"rendered":"Informations rentr\u00e9e 2020"},"content":{"rendered":"\n<p> Bonjour \u00e0 tous,<\/p>\n\n\n\n<p>Ci dessous quelques informations concernant la rentr\u00e9e scolaire 2020 de notre \u00e9tablissement :\u00a0\u00a0 <\/p>\n\n\n\n<p><strong>\u00a0Nous prendrons bien entendu les mesures adapt\u00e9es si l\u2019\u00e9pid\u00e9mie de coronavirus nous y oblige.<\/strong><\/p>\n\n\n\n<p>CALENDRIER DES VACANCES OFFICIELLES:<\/p>\n\n\n\n<p> Toussaint :  vendredi 16 octobre (fin des cours) au lundi 2 novembre 2020 (matin), No\u00ebl :  vendredi 18 d\u00e9cembre (fin des cours) au lundi 4 janvier 2021 (matin), Hiver :  vendredi 05 f\u00e9vrier (fin des cours) au lundi 22 f\u00e9vrier 2021 (matin), Printemps :  vendredi 09 avril (fin des cours) au lundi 26 avril 2021 (matin), Ascension : \u00ab pont \u00bb du mercredi 12 mai (fin des cours) au lundi 17 mai 2021 (matin), Grande vacances : mardi 6 juillet 2021  (fin des cours).<\/p>\n\n\n\n<p>TRANSPORTS SCOLAIRES:<\/p>\n\n\n\n<p>Les horaires des transports et lieux de prise en charge sont consultables sur le site internet : <a rel=\"noreferrer noopener\" href=\"https:\/\/l.facebook.com\/l.php?u=http%3A%2F%2Fwww.bourgognefranchecomte.fr%2F%3Ffbclid%3DIwAR2IfDPc6UDC0ydllT3qIRk4Eq9HY6bhAopTUsekgoTr2qogLSmYIMGD7uM&amp;h=AT1FxZzBMI77XDBe9E7pK4aVKWVU_6vPZ_8HzMO-va9MbScfou53zqBSrHd5ioc3yDX2Wr481_jT5tkziM8tdWBgGIhSBPLc_VgjleT5S4fgiId7E76-7D9zYKL3eBvw-_o&amp;__tn__=-UK-R&amp;c[0]=AT1MCujyCk1qo5LFFH4n7gKrV8fijYUqvFCwwmh6mPg_-ug_qBKKc5d1U4KAM6xd71E_cFjGsdkO5lppTnAX2oHXywYFzkerk-4tsg-cfOIMoCKHJGmQsdpm3CFrZjXrvmnpUYD9Eb9R\" target=\"_blank\">www.bourgognefranchecomte.fr<\/a><\/p>\n\n\n\n<p>DATES DE RENTR\u00c9E MATERNELLE ET PRIMAIRE<\/p>\n\n\n\n<p>Comme \u00e0 l\u2019accoutum\u00e9e, une rentr\u00e9e \u00e9chelonn\u00e9e se fera pour les \u00e9l\u00e8ves les plus jeunes de l\u2019\u00e9cole. Elle s\u2019organisera de la fa\u00e7on suivante :Les \u00e9l\u00e8ves DE MOYENNE SECTION de maternelle AU C.M. 2 : Mardi 1 septembre \u00e0 8 h 25Les \u00e9l\u00e8ves de TRES PETITE SECTION  ET PETITE SECTION : se r\u00e9f\u00e9rer au date donn\u00e9e.<\/p>\n\n\n\n<p>DATES DE RENTR\u00c9E COLLEGE:\u2022 \u00c9l\u00e8ves de 6\u00e8me:  Mardi 1 septembre \u00e0 8 h 20,\u2022 \u00c9l\u00e8ves de 5\u00e8me, 4\u00e8me, 3\u00e8me: Mercredi 2 septembre \u00e0 8 h 20<\/p>\n\n\n\n<p>Ces informations sont communiqu\u00e9es \u00e9galement \u00e0 tous les parents de notre \u00e9tablissement scolaire via le site ECOLEDIRECTE.<\/p>\n\n\n\n<figure class=\"wp-block-image size-large\"><img decoding=\"async\" loading=\"lazy\" width=\"260\" height=\"194\" src=\"https:\/\/www.sacrecoeurvercel.com\/wp-content\/uploads\/2020\/04\/information.jpg\" alt=\"\" class=\"wp-image-2073\"\/><\/figure>\n\n\n\n<p>Bonnes vacances ! <\/p>\n","protected":false},"excerpt":{"rendered":"<p>Bonjour \u00e0 tous, Ci dessous quelques informations concernant la rentr\u00e9e scolaire 2020 de notre \u00e9tablissement :\u00a0\u00a0 \u00a0Nous prendrons bien entendu les mesures adapt\u00e9es si l\u2019\u00e9pid\u00e9mie de coronavirus nous y oblige. CALENDRIER DES VACANCES OFFICIELLES: Toussaint&#8230;<\/p>\n","protected":false},"author":8,"featured_media":2125,"comment_status":"closed","ping_status":"closed","sticky":false,"template":"","format":"standard","meta":[],"categories":[7,4,6],"tags":[],"_links":{"self":[{"href":"https:\/\/www.sacrecoeurvercel.com\/index.php\/wp-json\/wp\/v2\/posts\/2124"}],"collection":[{"href":"https:\/\/www.sacrecoeurvercel.com\/index.php\/wp-json\/wp\/v2\/posts"}],"about":[{"href":"https:\/\/www.sacrecoeurvercel.com\/index.php\/wp-json\/wp\/v2\/types\/post"}],"author":[{"embeddable":true,"href":"https:\/\/www.sacrecoeurvercel.com\/index.php\/wp-json\/wp\/v2\/users\/8"}],"replies":[{"embeddable":true,"href":"https:\/\/www.sacrecoeurvercel.com\/index.php\/wp-json\/wp\/v2\/comments?post=2124"}],"version-history":[{"count":1,"href":"https:\/\/www.sacrecoeurvercel.com\/index.php\/wp-json\/wp\/v2\/posts\/2124\/revisions"}],"predecessor-version":[{"id":2126,"href":"https:\/\/www.sacrecoeurvercel.com\/index.php\/wp-json\/wp\/v2\/posts\/2124\/revisions\/2126"}],"wp:featuredmedia":[{"embeddable":true,"href":"https:\/\/www.sacrecoeurvercel.com\/index.php\/wp-json\/wp\/v2\/media\/2125"}],"wp:attachment":[{"href":"https:\/\/www.sacrecoeurvercel.com\/index.php\/wp-json\/wp\/v2\/media?parent=2124"}],"wp:term":[{"taxonomy":"category","embeddable":true,"href":"https:\/\/www.sacrecoeurvercel.com\/index.php\/wp-json\/wp\/v2\/categories?post=2124"},{"taxonomy":"post_tag","embeddable":true,"href":"https:\/\/www.sacrecoeurvercel.com\/index.php\/wp-json\/wp\/v2\/tags?post=2124"}],"curies":[{"name":"wp","href":"https:\/\/api.w.org\/{rel}","templated":true}]}}