{"id":2133,"date":"2020-09-08T09:03:20","date_gmt":"2020-09-08T09:03:20","guid":{"rendered":"https:\/\/www.sacrecoeurvercel.com\/?p=2133"},"modified":"2020-09-08T09:03:20","modified_gmt":"2020-09-08T09:03:20","slug":"reprise-cours-de-cathechisme","status":"publish","type":"post","link":"https:\/\/www.sacrecoeurvercel.com\/index.php\/2020\/09\/08\/reprise-cours-de-cathechisme\/","title":{"rendered":"Reprise cours de cath\u00e9chisme"},"content":{"rendered":"\n<p><em><strong>R\u00e9union d&rsquo;informations et d&rsquo;inscriptions<\/strong><\/em><br><\/p>\n\n\n\n<p>20H \u00e0 Vercel \u00e0 la salle Saint Eloi<\/p>\n\n\n\n<p>&#8211; Mercredi 9 Septembre ( pour enfants en CE1\/CE2\/CM1)<\/p>\n\n\n\n<p>&#8211; Mercredi 16 Septembre ( pour les enfants CM2\/6 i\u00e8me et 5 i\u00e8me)<\/p>\n\n\n\n<figure class=\"wp-block-image size-large is-resized\"><img decoding=\"async\" loading=\"lazy\" src=\"https:\/\/www.sacrecoeurvercel.com\/wp-content\/uploads\/2020\/09\/index.jpg\" alt=\"\" class=\"wp-image-2135\" width=\"314\" height=\"158\"\/><\/figure>\n","protected":false},"excerpt":{"rendered":"<p>R\u00e9union d&rsquo;informations et d&rsquo;inscriptions 20H \u00e0 Vercel \u00e0 la salle Saint Eloi &#8211; Mercredi 9 Septembre ( pour enfants en CE1\/CE2\/CM1) &#8211; Mercredi 16 Septembre ( pour les enfants CM2\/6 i\u00e8me et 5 i\u00e8me)<\/p>\n","protected":false},"author":8,"featured_media":2135,"comment_status":"closed","ping_status":"closed","sticky":false,"template":"","format":"standard","meta":[],"categories":[7,4,6,5],"tags":[],"_links":{"self":[{"href":"https:\/\/www.sacrecoeurvercel.com\/index.php\/wp-json\/wp\/v2\/posts\/2133"}],"collection":[{"href":"https:\/\/www.sacrecoeurvercel.com\/index.php\/wp-json\/wp\/v2\/posts"}],"about":[{"href":"https:\/\/www.sacrecoeurvercel.com\/index.php\/wp-json\/wp\/v2\/types\/post"}],"author":[{"embeddable":true,"href":"https:\/\/www.sacrecoeurvercel.com\/index.php\/wp-json\/wp\/v2\/users\/8"}],"replies":[{"embeddable":true,"href":"https:\/\/www.sacrecoeurvercel.com\/index.php\/wp-json\/wp\/v2\/comments?post=2133"}],"version-history":[{"count":1,"href":"https:\/\/www.sacrecoeurvercel.com\/index.php\/wp-json\/wp\/v2\/posts\/2133\/revisions"}],"predecessor-version":[{"id":2136,"href":"https:\/\/www.sacrecoeurvercel.com\/index.php\/wp-json\/wp\/v2\/posts\/2133\/revisions\/2136"}],"wp:featuredmedia":[{"embeddable":true,"href":"https:\/\/www.sacrecoeurvercel.com\/index.php\/wp-json\/wp\/v2\/media\/2135"}],"wp:attachment":[{"href":"https:\/\/www.sacrecoeurvercel.com\/index.php\/wp-json\/wp\/v2\/media?parent=2133"}],"wp:term":[{"taxonomy":"category","embeddable":true,"href":"https:\/\/www.sacrecoeurvercel.com\/index.php\/wp-json\/wp\/v2\/categories?post=2133"},{"taxonomy":"post_tag","embeddable":true,"href":"https:\/\/www.sacrecoeurvercel.com\/index.php\/wp-json\/wp\/v2\/tags?post=2133"}],"curies":[{"name":"wp","href":"https:\/\/api.w.org\/{rel}","templated":true}]}}