{"id":2148,"date":"2020-09-22T06:23:00","date_gmt":"2020-09-22T06:23:00","guid":{"rendered":"https:\/\/www.sacrecoeurvercel.com\/?p=2148"},"modified":"2023-01-16T14:15:57","modified_gmt":"2023-01-16T14:15:57","slug":"chargement-du-papiers-a-recycler","status":"publish","type":"post","link":"https:\/\/www.sacrecoeurvercel.com\/index.php\/2020\/09\/22\/chargement-du-papiers-a-recycler\/","title":{"rendered":"Chargement du papiers \u00e0 recycler"},"content":{"rendered":"\n<figure class=\"wp-block-image size-large\"><img decoding=\"async\" loading=\"lazy\" width=\"448\" height=\"336\" src=\"https:\/\/www.sacrecoeurvercel.com\/wp-content\/uploads\/2020\/09\/IMG_20200912_103423-comp.jpg\" alt=\"\" class=\"wp-image-2149\" srcset=\"https:\/\/www.sacrecoeurvercel.com\/wp-content\/uploads\/2020\/09\/IMG_20200912_103423-comp.jpg 448w, https:\/\/www.sacrecoeurvercel.com\/wp-content\/uploads\/2020\/09\/IMG_20200912_103423-comp-300x225.jpg 300w\" sizes=\"(max-width: 448px) 100vw, 448px\" \/><\/figure>\n\n\n\n<p>Samedi 12 Septembre 2020, les parents de notre \u00e9cole ont \u0153uvr\u00e9 pour charger la benne de papiers \u00e0 recycler. Merci \u00e0 tous pour votre disponibilit\u00e9. <\/p>\n\n\n\n<p>Gr\u00e2ce \u00e0 vous tous, nous pouvons acheter du mat\u00e9riel suppl\u00e9mentaire pour nos \u00e9l\u00e8ves .<\/p>\n\n\n\n<div class=\"wp-block-image\"><figure class=\"alignright size-large is-resized\"><img decoding=\"async\" loading=\"lazy\" src=\"https:\/\/www.sacrecoeurvercel.com\/wp-content\/uploads\/2020\/09\/GetFileAttachment-comp.jpeg\" alt=\"\" class=\"wp-image-2150\" width=\"448\" height=\"336\" srcset=\"https:\/\/www.sacrecoeurvercel.com\/wp-content\/uploads\/2020\/09\/GetFileAttachment-comp.jpeg 448w, https:\/\/www.sacrecoeurvercel.com\/wp-content\/uploads\/2020\/09\/GetFileAttachment-comp-300x225.jpeg 300w\" sizes=\"(max-width: 448px) 100vw, 448px\" \/><\/figure><\/div>\n\n\n\n<p><\/p>\n","protected":false},"excerpt":{"rendered":"<p>Samedi 12 Septembre 2020, les parents de notre \u00e9cole ont \u0153uvr\u00e9 pour charger la benne de papiers \u00e0 recycler. Merci \u00e0 tous pour votre disponibilit\u00e9. Gr\u00e2ce \u00e0 vous tous, nous pouvons acheter du mat\u00e9riel suppl\u00e9mentaire&#8230;<\/p>\n","protected":false},"author":8,"featured_media":2149,"comment_status":"closed","ping_status":"closed","sticky":false,"template":"","format":"standard","meta":[],"categories":[35],"tags":[],"_links":{"self":[{"href":"https:\/\/www.sacrecoeurvercel.com\/index.php\/wp-json\/wp\/v2\/posts\/2148"}],"collection":[{"href":"https:\/\/www.sacrecoeurvercel.com\/index.php\/wp-json\/wp\/v2\/posts"}],"about":[{"href":"https:\/\/www.sacrecoeurvercel.com\/index.php\/wp-json\/wp\/v2\/types\/post"}],"author":[{"embeddable":true,"href":"https:\/\/www.sacrecoeurvercel.com\/index.php\/wp-json\/wp\/v2\/users\/8"}],"replies":[{"embeddable":true,"href":"https:\/\/www.sacrecoeurvercel.com\/index.php\/wp-json\/wp\/v2\/comments?post=2148"}],"version-history":[{"count":1,"href":"https:\/\/www.sacrecoeurvercel.com\/index.php\/wp-json\/wp\/v2\/posts\/2148\/revisions"}],"predecessor-version":[{"id":2151,"href":"https:\/\/www.sacrecoeurvercel.com\/index.php\/wp-json\/wp\/v2\/posts\/2148\/revisions\/2151"}],"wp:featuredmedia":[{"embeddable":true,"href":"https:\/\/www.sacrecoeurvercel.com\/index.php\/wp-json\/wp\/v2\/media\/2149"}],"wp:attachment":[{"href":"https:\/\/www.sacrecoeurvercel.com\/index.php\/wp-json\/wp\/v2\/media?parent=2148"}],"wp:term":[{"taxonomy":"category","embeddable":true,"href":"https:\/\/www.sacrecoeurvercel.com\/index.php\/wp-json\/wp\/v2\/categories?post=2148"},{"taxonomy":"post_tag","embeddable":true,"href":"https:\/\/www.sacrecoeurvercel.com\/index.php\/wp-json\/wp\/v2\/tags?post=2148"}],"curies":[{"name":"wp","href":"https:\/\/api.w.org\/{rel}","templated":true}]}}