{"id":2152,"date":"2020-09-15T06:31:57","date_gmt":"2020-09-15T06:31:57","guid":{"rendered":"https:\/\/www.sacrecoeurvercel.com\/?p=2152"},"modified":"2020-09-15T06:31:57","modified_gmt":"2020-09-15T06:31:57","slug":"les-nouveaux-eleves-de-primaire-a-la-rentree-2020","status":"publish","type":"post","link":"https:\/\/www.sacrecoeurvercel.com\/index.php\/2020\/09\/15\/les-nouveaux-eleves-de-primaire-a-la-rentree-2020\/","title":{"rendered":"Les nouveaux \u00e9l\u00e8ves de Primaire \u00e0 la rentr\u00e9e 2020"},"content":{"rendered":"\n<figure class=\"wp-block-image size-large\"><img decoding=\"async\" loading=\"lazy\" width=\"448\" height=\"336\" src=\"https:\/\/www.sacrecoeurvercel.com\/wp-content\/uploads\/2020\/09\/IMG_20200904_153515-comp.jpg\" alt=\"\" class=\"wp-image-2153\" srcset=\"https:\/\/www.sacrecoeurvercel.com\/wp-content\/uploads\/2020\/09\/IMG_20200904_153515-comp.jpg 448w, https:\/\/www.sacrecoeurvercel.com\/wp-content\/uploads\/2020\/09\/IMG_20200904_153515-comp-300x225.jpg 300w\" sizes=\"(max-width: 448px) 100vw, 448px\" \/><\/figure>\n\n\n\n<p>Voici les nouveaux \u00e9l\u00e8ves du primaire ,qui ont \u00e9t\u00e9 accueillis pour cette rentr\u00e9e. Bonne continuation \u00e0 tous !<\/p>\n","protected":false},"excerpt":{"rendered":"<p>Voici les nouveaux \u00e9l\u00e8ves du primaire ,qui ont \u00e9t\u00e9 accueillis pour cette rentr\u00e9e. Bonne continuation \u00e0 tous !<\/p>\n","protected":false},"author":8,"featured_media":2153,"comment_status":"closed","ping_status":"closed","sticky":false,"template":"","format":"standard","meta":[],"categories":[4,6],"tags":[],"_links":{"self":[{"href":"https:\/\/www.sacrecoeurvercel.com\/index.php\/wp-json\/wp\/v2\/posts\/2152"}],"collection":[{"href":"https:\/\/www.sacrecoeurvercel.com\/index.php\/wp-json\/wp\/v2\/posts"}],"about":[{"href":"https:\/\/www.sacrecoeurvercel.com\/index.php\/wp-json\/wp\/v2\/types\/post"}],"author":[{"embeddable":true,"href":"https:\/\/www.sacrecoeurvercel.com\/index.php\/wp-json\/wp\/v2\/users\/8"}],"replies":[{"embeddable":true,"href":"https:\/\/www.sacrecoeurvercel.com\/index.php\/wp-json\/wp\/v2\/comments?post=2152"}],"version-history":[{"count":1,"href":"https:\/\/www.sacrecoeurvercel.com\/index.php\/wp-json\/wp\/v2\/posts\/2152\/revisions"}],"predecessor-version":[{"id":2154,"href":"https:\/\/www.sacrecoeurvercel.com\/index.php\/wp-json\/wp\/v2\/posts\/2152\/revisions\/2154"}],"wp:featuredmedia":[{"embeddable":true,"href":"https:\/\/www.sacrecoeurvercel.com\/index.php\/wp-json\/wp\/v2\/media\/2153"}],"wp:attachment":[{"href":"https:\/\/www.sacrecoeurvercel.com\/index.php\/wp-json\/wp\/v2\/media?parent=2152"}],"wp:term":[{"taxonomy":"category","embeddable":true,"href":"https:\/\/www.sacrecoeurvercel.com\/index.php\/wp-json\/wp\/v2\/categories?post=2152"},{"taxonomy":"post_tag","embeddable":true,"href":"https:\/\/www.sacrecoeurvercel.com\/index.php\/wp-json\/wp\/v2\/tags?post=2152"}],"curies":[{"name":"wp","href":"https:\/\/api.w.org\/{rel}","templated":true}]}}