{"id":2170,"date":"2020-10-08T12:53:40","date_gmt":"2020-10-08T12:53:40","guid":{"rendered":"https:\/\/www.sacrecoeurvercel.com\/?p=2170"},"modified":"2020-10-08T12:53:40","modified_gmt":"2020-10-08T12:53:40","slug":"les-elections-des-delegues-au-college","status":"publish","type":"post","link":"https:\/\/www.sacrecoeurvercel.com\/index.php\/2020\/10\/08\/les-elections-des-delegues-au-college\/","title":{"rendered":"Les \u00e9lections des d\u00e9l\u00e9gu\u00e9s   au coll\u00e8ge"},"content":{"rendered":"\n<p><\/p>\n\n\n\n<p> Que se passe-t-il cette semaine au coll\u00e8ge?<\/p>\n\n\n\n<p>Les \u00e9lections des d\u00e9l\u00e9gu\u00e9s de classe:<\/p>\n\n\n\n<p>\u00a0A quoi sert les d\u00e9l\u00e9gu\u00e9s? pour combien de temps? Comment se d\u00e9roule les \u00e9lections?<\/p>\n\n\n\n<p>Ils sont charg\u00e9s de repr\u00e9senter les \u00e9l\u00e8ves de la classe. Ils sont les porte-paroles des \u00e9l\u00e8ves aupr\u00e8s des professeurs et des personnels d&rsquo;\u00e9ducation, notamment au moment du conseil de classe. Il peuvent aussi participer au conseil de discipline des \u00e9l\u00e8ves de leur classe.<\/p>\n\n\n\n<p>Le d\u00e9l\u00e9gu\u00e9 est \u00e9lu pour la dur\u00e9e de l&rsquo;ann\u00e9e scolaire en cours.<\/p>\n\n\n\n<p>Les \u00e9lections se d\u00e9roulent \u00e0 bulletin secret au scrutin uninominal \u00e0 2 tours. Chaque \u00e9l\u00e8ve signe l&rsquo;\u00e9margement quand il a vot\u00e9.<\/p>\n\n\n\n<p>F\u00e9licitations \u00e0 nos nouveaux d\u00e9l\u00e9gu\u00e9s de classe! <\/p>\n\n\n\n<figure class=\"wp-block-image size-large\"><img decoding=\"async\" loading=\"lazy\" width=\"408\" height=\"306\" src=\"https:\/\/www.sacrecoeurvercel.com\/wp-content\/uploads\/2020\/10\/election.png\" alt=\"\" class=\"wp-image-2171\" srcset=\"https:\/\/www.sacrecoeurvercel.com\/wp-content\/uploads\/2020\/10\/election.png 408w, https:\/\/www.sacrecoeurvercel.com\/wp-content\/uploads\/2020\/10\/election-300x225.png 300w\" sizes=\"(max-width: 408px) 100vw, 408px\" \/><\/figure>\n","protected":false},"excerpt":{"rendered":"<p>Que se passe-t-il cette semaine au coll\u00e8ge? Les \u00e9lections des d\u00e9l\u00e9gu\u00e9s de classe: \u00a0A quoi sert les d\u00e9l\u00e9gu\u00e9s? pour combien de temps? Comment se d\u00e9roule les \u00e9lections? Ils sont charg\u00e9s de repr\u00e9senter les \u00e9l\u00e8ves de&#8230;<\/p>\n","protected":false},"author":8,"featured_media":2172,"comment_status":"closed","ping_status":"closed","sticky":false,"template":"","format":"standard","meta":[],"categories":[7,4],"tags":[],"_links":{"self":[{"href":"https:\/\/www.sacrecoeurvercel.com\/index.php\/wp-json\/wp\/v2\/posts\/2170"}],"collection":[{"href":"https:\/\/www.sacrecoeurvercel.com\/index.php\/wp-json\/wp\/v2\/posts"}],"about":[{"href":"https:\/\/www.sacrecoeurvercel.com\/index.php\/wp-json\/wp\/v2\/types\/post"}],"author":[{"embeddable":true,"href":"https:\/\/www.sacrecoeurvercel.com\/index.php\/wp-json\/wp\/v2\/users\/8"}],"replies":[{"embeddable":true,"href":"https:\/\/www.sacrecoeurvercel.com\/index.php\/wp-json\/wp\/v2\/comments?post=2170"}],"version-history":[{"count":1,"href":"https:\/\/www.sacrecoeurvercel.com\/index.php\/wp-json\/wp\/v2\/posts\/2170\/revisions"}],"predecessor-version":[{"id":2173,"href":"https:\/\/www.sacrecoeurvercel.com\/index.php\/wp-json\/wp\/v2\/posts\/2170\/revisions\/2173"}],"wp:featuredmedia":[{"embeddable":true,"href":"https:\/\/www.sacrecoeurvercel.com\/index.php\/wp-json\/wp\/v2\/media\/2172"}],"wp:attachment":[{"href":"https:\/\/www.sacrecoeurvercel.com\/index.php\/wp-json\/wp\/v2\/media?parent=2170"}],"wp:term":[{"taxonomy":"category","embeddable":true,"href":"https:\/\/www.sacrecoeurvercel.com\/index.php\/wp-json\/wp\/v2\/categories?post=2170"},{"taxonomy":"post_tag","embeddable":true,"href":"https:\/\/www.sacrecoeurvercel.com\/index.php\/wp-json\/wp\/v2\/tags?post=2170"}],"curies":[{"name":"wp","href":"https:\/\/api.w.org\/{rel}","templated":true}]}}