{"id":2175,"date":"2020-10-19T13:47:00","date_gmt":"2020-10-19T13:47:00","guid":{"rendered":"https:\/\/www.sacrecoeurvercel.com\/?p=2175"},"modified":"2020-10-08T13:59:13","modified_gmt":"2020-10-08T13:59:13","slug":"le-cafe-des-parents","status":"publish","type":"post","link":"https:\/\/www.sacrecoeurvercel.com\/index.php\/2020\/10\/19\/le-cafe-des-parents\/","title":{"rendered":"LE CAFE DES PARENTS:"},"content":{"rendered":"\n<p>En partenariat avec la mairie de Vercel et l\u2019Antenne Petite Enfance de Franche Comt\u00e9, nous avons  invit\u00e9 les parents \u00e0 participer \u00e0 un temps de discussion\u00a0\u00bbautour d&rsquo;un Caf\u00e9, d&rsquo;un th\u00e9 et quelques gourmandises<strong>\u201c<\/strong>, le vendredi 2 octobre 2020<\/p>\n\n\n\n<p>Le th\u00e8me de cet apr\u00e8s midi : Comment parler de la vie et de la mort aux enfants.<\/p>\n\n\n\n<figure class=\"is-layout-flex wp-block-gallery-1 wp-block-gallery columns-1 is-cropped\"><ul class=\"blocks-gallery-grid\"><li class=\"blocks-gallery-item\"><figure><img decoding=\"async\" loading=\"lazy\" width=\"448\" height=\"336\" src=\"https:\/\/www.sacrecoeurvercel.com\/wp-content\/uploads\/2020\/10\/caf\u00e9-aux-parents-1-comp.jpg\" alt=\"\" data-id=\"2176\" data-full-url=\"https:\/\/www.sacrecoeurvercel.com\/wp-content\/uploads\/2020\/10\/caf\u00e9-aux-parents-1-comp.jpg\" data-link=\"https:\/\/www.sacrecoeurvercel.com\/?attachment_id=2176\" class=\"wp-image-2176\" srcset=\"https:\/\/www.sacrecoeurvercel.com\/wp-content\/uploads\/2020\/10\/caf\u00e9-aux-parents-1-comp.jpg 448w, https:\/\/www.sacrecoeurvercel.com\/wp-content\/uploads\/2020\/10\/caf\u00e9-aux-parents-1-comp-300x225.jpg 300w\" sizes=\"(max-width: 448px) 100vw, 448px\" \/><\/figure><\/li><\/ul><\/figure>\n","protected":false},"excerpt":{"rendered":"<p>En partenariat avec la mairie de Vercel et l\u2019Antenne Petite Enfance de Franche Comt\u00e9, nous avons invit\u00e9 les parents \u00e0 participer \u00e0 un temps de discussion\u00a0\u00bbautour d&rsquo;un Caf\u00e9, d&rsquo;un th\u00e9 et quelques gourmandises\u201c, le vendredi&#8230;<\/p>\n","protected":false},"author":8,"featured_media":2177,"comment_status":"closed","ping_status":"closed","sticky":false,"template":"","format":"standard","meta":[],"categories":[4,6],"tags":[],"_links":{"self":[{"href":"https:\/\/www.sacrecoeurvercel.com\/index.php\/wp-json\/wp\/v2\/posts\/2175"}],"collection":[{"href":"https:\/\/www.sacrecoeurvercel.com\/index.php\/wp-json\/wp\/v2\/posts"}],"about":[{"href":"https:\/\/www.sacrecoeurvercel.com\/index.php\/wp-json\/wp\/v2\/types\/post"}],"author":[{"embeddable":true,"href":"https:\/\/www.sacrecoeurvercel.com\/index.php\/wp-json\/wp\/v2\/users\/8"}],"replies":[{"embeddable":true,"href":"https:\/\/www.sacrecoeurvercel.com\/index.php\/wp-json\/wp\/v2\/comments?post=2175"}],"version-history":[{"count":2,"href":"https:\/\/www.sacrecoeurvercel.com\/index.php\/wp-json\/wp\/v2\/posts\/2175\/revisions"}],"predecessor-version":[{"id":2179,"href":"https:\/\/www.sacrecoeurvercel.com\/index.php\/wp-json\/wp\/v2\/posts\/2175\/revisions\/2179"}],"wp:featuredmedia":[{"embeddable":true,"href":"https:\/\/www.sacrecoeurvercel.com\/index.php\/wp-json\/wp\/v2\/media\/2177"}],"wp:attachment":[{"href":"https:\/\/www.sacrecoeurvercel.com\/index.php\/wp-json\/wp\/v2\/media?parent=2175"}],"wp:term":[{"taxonomy":"category","embeddable":true,"href":"https:\/\/www.sacrecoeurvercel.com\/index.php\/wp-json\/wp\/v2\/categories?post=2175"},{"taxonomy":"post_tag","embeddable":true,"href":"https:\/\/www.sacrecoeurvercel.com\/index.php\/wp-json\/wp\/v2\/tags?post=2175"}],"curies":[{"name":"wp","href":"https:\/\/api.w.org\/{rel}","templated":true}]}}