{"id":2180,"date":"2020-10-08T14:15:21","date_gmt":"2020-10-08T14:15:21","guid":{"rendered":"https:\/\/www.sacrecoeurvercel.com\/?p=2180"},"modified":"2020-10-08T14:15:21","modified_gmt":"2020-10-08T14:15:21","slug":"visite-particuliere-a-la-maternelle","status":"publish","type":"post","link":"https:\/\/www.sacrecoeurvercel.com\/index.php\/2020\/10\/08\/visite-particuliere-a-la-maternelle\/","title":{"rendered":"Visite particuli\u00e8re \u00e0 la maternelle&#8230;."},"content":{"rendered":"\n<p> Cette semaine, nous avons une invit\u00e9e &#8230;. en classe de Moyenne Section: la maman de Nathan, qui est mal-voyante, avec son chien JAFFA.  <\/p>\n\n\n\n<p>Elle nous a pr\u00e9sent\u00e9 son chien et expliqu\u00e9 comment il l&rsquo;aide, chaque jour, dans ses faits et gestes.<\/p>\n\n\n\n<p> Elle vient r\u00e9guli\u00e8rement d\u00e9poser et rechercher ses enfants \u00e0 l&rsquo;\u00e9cole avec JAFFA. <\/p>\n\n\n\n<p>Les enfants \u00e9taient tr\u00e8s int\u00e9ress\u00e9s par son r\u00e9cit, et ravis de caresser cette belle b\u00eate. <\/p>\n\n\n\n<figure class=\"wp-block-image size-large is-resized\"><img decoding=\"async\" loading=\"lazy\" src=\"https:\/\/www.sacrecoeurvercel.com\/wp-content\/uploads\/2020\/10\/jaffa-le-chien-comp.jpg\" alt=\"\" class=\"wp-image-2181\" width=\"491\" height=\"368\" srcset=\"https:\/\/www.sacrecoeurvercel.com\/wp-content\/uploads\/2020\/10\/jaffa-le-chien-comp.jpg 448w, https:\/\/www.sacrecoeurvercel.com\/wp-content\/uploads\/2020\/10\/jaffa-le-chien-comp-300x225.jpg 300w\" sizes=\"(max-width: 491px) 100vw, 491px\" \/><\/figure>\n\n\n\n<figure class=\"wp-block-image\"><img alt=\"\"\/><\/figure>\n","protected":false},"excerpt":{"rendered":"<p>Cette semaine, nous avons une invit\u00e9e &#8230;. en classe de Moyenne Section: la maman de Nathan, qui est mal-voyante, avec son chien JAFFA. Elle nous a pr\u00e9sent\u00e9 son chien et expliqu\u00e9 comment il l&rsquo;aide, chaque&#8230;<\/p>\n","protected":false},"author":8,"featured_media":2182,"comment_status":"closed","ping_status":"closed","sticky":false,"template":"","format":"standard","meta":[],"categories":[4,6],"tags":[],"_links":{"self":[{"href":"https:\/\/www.sacrecoeurvercel.com\/index.php\/wp-json\/wp\/v2\/posts\/2180"}],"collection":[{"href":"https:\/\/www.sacrecoeurvercel.com\/index.php\/wp-json\/wp\/v2\/posts"}],"about":[{"href":"https:\/\/www.sacrecoeurvercel.com\/index.php\/wp-json\/wp\/v2\/types\/post"}],"author":[{"embeddable":true,"href":"https:\/\/www.sacrecoeurvercel.com\/index.php\/wp-json\/wp\/v2\/users\/8"}],"replies":[{"embeddable":true,"href":"https:\/\/www.sacrecoeurvercel.com\/index.php\/wp-json\/wp\/v2\/comments?post=2180"}],"version-history":[{"count":1,"href":"https:\/\/www.sacrecoeurvercel.com\/index.php\/wp-json\/wp\/v2\/posts\/2180\/revisions"}],"predecessor-version":[{"id":2183,"href":"https:\/\/www.sacrecoeurvercel.com\/index.php\/wp-json\/wp\/v2\/posts\/2180\/revisions\/2183"}],"wp:featuredmedia":[{"embeddable":true,"href":"https:\/\/www.sacrecoeurvercel.com\/index.php\/wp-json\/wp\/v2\/media\/2182"}],"wp:attachment":[{"href":"https:\/\/www.sacrecoeurvercel.com\/index.php\/wp-json\/wp\/v2\/media?parent=2180"}],"wp:term":[{"taxonomy":"category","embeddable":true,"href":"https:\/\/www.sacrecoeurvercel.com\/index.php\/wp-json\/wp\/v2\/categories?post=2180"},{"taxonomy":"post_tag","embeddable":true,"href":"https:\/\/www.sacrecoeurvercel.com\/index.php\/wp-json\/wp\/v2\/tags?post=2180"}],"curies":[{"name":"wp","href":"https:\/\/api.w.org\/{rel}","templated":true}]}}