{"id":2198,"date":"2020-10-26T13:12:00","date_gmt":"2020-10-26T13:12:00","guid":{"rendered":"https:\/\/www.sacrecoeurvercel.com\/?p=2198"},"modified":"2020-11-05T13:19:40","modified_gmt":"2020-11-05T13:19:40","slug":"visites-des-tourbieres-pour-nos-eleves-de-5-ieme","status":"publish","type":"post","link":"https:\/\/www.sacrecoeurvercel.com\/index.php\/2020\/10\/26\/visites-des-tourbieres-pour-nos-eleves-de-5-ieme\/","title":{"rendered":"Visites des tourbi\u00e8res pour nos \u00e9l\u00e8ves de 5 i\u00e8me"},"content":{"rendered":"\n<p> Jeudi 15 et Vendredi 16 octobre, nos \u00e9l\u00e8ves de 5 ieme \u00e9taient de sortie \u00e0 Passonfontaine.Au programme : visites des tourbi\u00e8res avec Arnaud, et cr\u00e9ation d\u2019\u0153uvre Land-art &#8230;. Merci aux \u00e9l\u00e8ves pour votre travail et imagination <\/p>\n\n\n\n<div class=\"wp-block-image\"><figure class=\"aligncenter size-large is-resized\"><img decoding=\"async\" loading=\"lazy\" src=\"https:\/\/www.sacrecoeurvercel.com\/wp-content\/uploads\/2020\/11\/CCH_2639-comp.jpg\" alt=\"\" class=\"wp-image-2199\" width=\"314\" height=\"210\" srcset=\"https:\/\/www.sacrecoeurvercel.com\/wp-content\/uploads\/2020\/11\/CCH_2639-comp.jpg 448w, https:\/\/www.sacrecoeurvercel.com\/wp-content\/uploads\/2020\/11\/CCH_2639-comp-300x200.jpg 300w, https:\/\/www.sacrecoeurvercel.com\/wp-content\/uploads\/2020\/11\/CCH_2639-comp-391x260.jpg 391w\" sizes=\"(max-width: 314px) 100vw, 314px\" \/><\/figure><\/div>\n\n\n\n<figure class=\"is-layout-flex wp-block-gallery-1 wp-block-gallery columns-3 is-cropped\"><ul class=\"blocks-gallery-grid\"><li class=\"blocks-gallery-item\"><figure><img decoding=\"async\" loading=\"lazy\" width=\"448\" height=\"299\" src=\"https:\/\/www.sacrecoeurvercel.com\/wp-content\/uploads\/2020\/11\/CCH_2650-comp.jpg\" alt=\"\" data-id=\"2200\" data-link=\"https:\/\/www.sacrecoeurvercel.com\/?attachment_id=2200\" class=\"wp-image-2200\" srcset=\"https:\/\/www.sacrecoeurvercel.com\/wp-content\/uploads\/2020\/11\/CCH_2650-comp.jpg 448w, https:\/\/www.sacrecoeurvercel.com\/wp-content\/uploads\/2020\/11\/CCH_2650-comp-300x200.jpg 300w, https:\/\/www.sacrecoeurvercel.com\/wp-content\/uploads\/2020\/11\/CCH_2650-comp-391x260.jpg 391w\" sizes=\"(max-width: 448px) 100vw, 448px\" \/><\/figure><\/li><li class=\"blocks-gallery-item\"><figure><img decoding=\"async\" loading=\"lazy\" width=\"1024\" height=\"682\" src=\"https:\/\/www.sacrecoeurvercel.com\/wp-content\/uploads\/2020\/11\/CCH_2663-comp-1024x682.jpg\" alt=\"\" data-id=\"2201\" data-link=\"https:\/\/www.sacrecoeurvercel.com\/?attachment_id=2201\" class=\"wp-image-2201\" srcset=\"https:\/\/www.sacrecoeurvercel.com\/wp-content\/uploads\/2020\/11\/CCH_2663-comp-1024x682.jpg 1024w, https:\/\/www.sacrecoeurvercel.com\/wp-content\/uploads\/2020\/11\/CCH_2663-comp-300x200.jpg 300w, https:\/\/www.sacrecoeurvercel.com\/wp-content\/uploads\/2020\/11\/CCH_2663-comp-768x512.jpg 768w, https:\/\/www.sacrecoeurvercel.com\/wp-content\/uploads\/2020\/11\/CCH_2663-comp-391x260.jpg 391w, https:\/\/www.sacrecoeurvercel.com\/wp-content\/uploads\/2020\/11\/CCH_2663-comp-1536x1024.jpg 1536w, https:\/\/www.sacrecoeurvercel.com\/wp-content\/uploads\/2020\/11\/CCH_2663-comp.jpg 2000w\" sizes=\"(max-width: 1024px) 100vw, 1024px\" \/><\/figure><\/li><li class=\"blocks-gallery-item\"><figure><img decoding=\"async\" loading=\"lazy\" width=\"448\" height=\"299\" src=\"https:\/\/www.sacrecoeurvercel.com\/wp-content\/uploads\/2020\/11\/CCH_2675-comp.jpg\" alt=\"\" data-id=\"2202\" data-full-url=\"https:\/\/www.sacrecoeurvercel.com\/wp-content\/uploads\/2020\/11\/CCH_2675-comp.jpg\" data-link=\"https:\/\/www.sacrecoeurvercel.com\/?attachment_id=2202\" class=\"wp-image-2202\" srcset=\"https:\/\/www.sacrecoeurvercel.com\/wp-content\/uploads\/2020\/11\/CCH_2675-comp.jpg 448w, https:\/\/www.sacrecoeurvercel.com\/wp-content\/uploads\/2020\/11\/CCH_2675-comp-300x200.jpg 300w, https:\/\/www.sacrecoeurvercel.com\/wp-content\/uploads\/2020\/11\/CCH_2675-comp-391x260.jpg 391w\" sizes=\"(max-width: 448px) 100vw, 448px\" \/><\/figure><\/li><\/ul><\/figure>\n","protected":false},"excerpt":{"rendered":"<p>Jeudi 15 et Vendredi 16 octobre, nos \u00e9l\u00e8ves de 5 ieme \u00e9taient de sortie \u00e0 Passonfontaine.Au programme : visites des tourbi\u00e8res avec Arnaud, et cr\u00e9ation d\u2019\u0153uvre Land-art &#8230;. Merci aux \u00e9l\u00e8ves pour votre travail et&#8230;<\/p>\n","protected":false},"author":8,"featured_media":2203,"comment_status":"closed","ping_status":"closed","sticky":false,"template":"","format":"standard","meta":[],"categories":[7,16],"tags":[],"_links":{"self":[{"href":"https:\/\/www.sacrecoeurvercel.com\/index.php\/wp-json\/wp\/v2\/posts\/2198"}],"collection":[{"href":"https:\/\/www.sacrecoeurvercel.com\/index.php\/wp-json\/wp\/v2\/posts"}],"about":[{"href":"https:\/\/www.sacrecoeurvercel.com\/index.php\/wp-json\/wp\/v2\/types\/post"}],"author":[{"embeddable":true,"href":"https:\/\/www.sacrecoeurvercel.com\/index.php\/wp-json\/wp\/v2\/users\/8"}],"replies":[{"embeddable":true,"href":"https:\/\/www.sacrecoeurvercel.com\/index.php\/wp-json\/wp\/v2\/comments?post=2198"}],"version-history":[{"count":1,"href":"https:\/\/www.sacrecoeurvercel.com\/index.php\/wp-json\/wp\/v2\/posts\/2198\/revisions"}],"predecessor-version":[{"id":2204,"href":"https:\/\/www.sacrecoeurvercel.com\/index.php\/wp-json\/wp\/v2\/posts\/2198\/revisions\/2204"}],"wp:featuredmedia":[{"embeddable":true,"href":"https:\/\/www.sacrecoeurvercel.com\/index.php\/wp-json\/wp\/v2\/media\/2203"}],"wp:attachment":[{"href":"https:\/\/www.sacrecoeurvercel.com\/index.php\/wp-json\/wp\/v2\/media?parent=2198"}],"wp:term":[{"taxonomy":"category","embeddable":true,"href":"https:\/\/www.sacrecoeurvercel.com\/index.php\/wp-json\/wp\/v2\/categories?post=2198"},{"taxonomy":"post_tag","embeddable":true,"href":"https:\/\/www.sacrecoeurvercel.com\/index.php\/wp-json\/wp\/v2\/tags?post=2198"}],"curies":[{"name":"wp","href":"https:\/\/api.w.org\/{rel}","templated":true}]}}