{"id":2205,"date":"2020-11-05T13:25:49","date_gmt":"2020-11-05T13:25:49","guid":{"rendered":"https:\/\/www.sacrecoeurvercel.com\/?p=2205"},"modified":"2020-11-05T13:25:49","modified_gmt":"2020-11-05T13:25:49","slug":"de-laction-au-college","status":"publish","type":"post","link":"https:\/\/www.sacrecoeurvercel.com\/index.php\/2020\/11\/05\/de-laction-au-college\/","title":{"rendered":"De l&rsquo;action au coll\u00e8ge !"},"content":{"rendered":"\n<p> 1,2,3 Action!<\/p>\n\n\n\n<p>Tournage mercredi 05\/11\/20 dans notre \u00e9tablissement avec l&rsquo;\u00e9quipe de TF1, pour un reportage pour le JT de 20h le 11 Novembre.<\/p>\n\n\n\n<p>Nos \u00e9l\u00e8ves de 5 ieme ont d\u00e9couvert et ont particip\u00e9 au programme sur la pleine conscience, l&rsquo;ann\u00e9e derni\u00e8re. Ils ont \u00e9t\u00e9 heureux de t\u00e9moigner. N&rsquo;h\u00e9sitez pas \u00e0 suivre ce reportage le 11 Novembre sur TF1 au journal de 20 h00 <\/p>\n\n\n\n<figure class=\"is-layout-flex wp-block-gallery-1 wp-block-gallery columns-1 is-cropped\"><ul class=\"blocks-gallery-grid\"><li class=\"blocks-gallery-item\"><figure><img decoding=\"async\" loading=\"lazy\" width=\"448\" height=\"336\" src=\"https:\/\/www.sacrecoeurvercel.com\/wp-content\/uploads\/2020\/11\/photo-film-1.jpg\" alt=\"\" data-id=\"2207\" data-full-url=\"https:\/\/www.sacrecoeurvercel.com\/wp-content\/uploads\/2020\/11\/photo-film-1.jpg\" data-link=\"https:\/\/www.sacrecoeurvercel.com\/?attachment_id=2207\" class=\"wp-image-2207\" srcset=\"https:\/\/www.sacrecoeurvercel.com\/wp-content\/uploads\/2020\/11\/photo-film-1.jpg 448w, https:\/\/www.sacrecoeurvercel.com\/wp-content\/uploads\/2020\/11\/photo-film-1-300x225.jpg 300w\" sizes=\"(max-width: 448px) 100vw, 448px\" \/><\/figure><\/li><\/ul><\/figure>\n\n\n\n<figure class=\"is-layout-flex wp-block-gallery-3 wp-block-gallery columns-1 is-cropped\"><ul class=\"blocks-gallery-grid\"><li class=\"blocks-gallery-item\"><figure><img decoding=\"async\" loading=\"lazy\" width=\"448\" height=\"336\" src=\"https:\/\/www.sacrecoeurvercel.com\/wp-content\/uploads\/2020\/11\/photo-film-1-1.jpg\" alt=\"\" data-id=\"2208\" data-full-url=\"https:\/\/www.sacrecoeurvercel.com\/wp-content\/uploads\/2020\/11\/photo-film-1-1.jpg\" data-link=\"https:\/\/www.sacrecoeurvercel.com\/?attachment_id=2208\" class=\"wp-image-2208\" srcset=\"https:\/\/www.sacrecoeurvercel.com\/wp-content\/uploads\/2020\/11\/photo-film-1-1.jpg 448w, https:\/\/www.sacrecoeurvercel.com\/wp-content\/uploads\/2020\/11\/photo-film-1-1-300x225.jpg 300w\" sizes=\"(max-width: 448px) 100vw, 448px\" \/><\/figure><\/li><\/ul><\/figure>\n","protected":false},"excerpt":{"rendered":"<p>1,2,3 Action! Tournage mercredi 05\/11\/20 dans notre \u00e9tablissement avec l&rsquo;\u00e9quipe de TF1, pour un reportage pour le JT de 20h le 11 Novembre. Nos \u00e9l\u00e8ves de 5 ieme ont d\u00e9couvert et ont particip\u00e9 au programme&#8230;<\/p>\n","protected":false},"author":8,"featured_media":2209,"comment_status":"closed","ping_status":"closed","sticky":false,"template":"","format":"standard","meta":[],"categories":[7,4],"tags":[],"_links":{"self":[{"href":"https:\/\/www.sacrecoeurvercel.com\/index.php\/wp-json\/wp\/v2\/posts\/2205"}],"collection":[{"href":"https:\/\/www.sacrecoeurvercel.com\/index.php\/wp-json\/wp\/v2\/posts"}],"about":[{"href":"https:\/\/www.sacrecoeurvercel.com\/index.php\/wp-json\/wp\/v2\/types\/post"}],"author":[{"embeddable":true,"href":"https:\/\/www.sacrecoeurvercel.com\/index.php\/wp-json\/wp\/v2\/users\/8"}],"replies":[{"embeddable":true,"href":"https:\/\/www.sacrecoeurvercel.com\/index.php\/wp-json\/wp\/v2\/comments?post=2205"}],"version-history":[{"count":1,"href":"https:\/\/www.sacrecoeurvercel.com\/index.php\/wp-json\/wp\/v2\/posts\/2205\/revisions"}],"predecessor-version":[{"id":2210,"href":"https:\/\/www.sacrecoeurvercel.com\/index.php\/wp-json\/wp\/v2\/posts\/2205\/revisions\/2210"}],"wp:featuredmedia":[{"embeddable":true,"href":"https:\/\/www.sacrecoeurvercel.com\/index.php\/wp-json\/wp\/v2\/media\/2209"}],"wp:attachment":[{"href":"https:\/\/www.sacrecoeurvercel.com\/index.php\/wp-json\/wp\/v2\/media?parent=2205"}],"wp:term":[{"taxonomy":"category","embeddable":true,"href":"https:\/\/www.sacrecoeurvercel.com\/index.php\/wp-json\/wp\/v2\/categories?post=2205"},{"taxonomy":"post_tag","embeddable":true,"href":"https:\/\/www.sacrecoeurvercel.com\/index.php\/wp-json\/wp\/v2\/tags?post=2205"}],"curies":[{"name":"wp","href":"https:\/\/api.w.org\/{rel}","templated":true}]}}