{"id":2213,"date":"2020-12-01T14:02:19","date_gmt":"2020-12-01T14:02:19","guid":{"rendered":"https:\/\/www.sacrecoeurvercel.com\/?p=2213"},"modified":"2020-12-01T14:02:19","modified_gmt":"2020-12-01T14:02:19","slug":"le-nouveau-conseil-departemental-des-jeunes-est-arrive","status":"publish","type":"post","link":"https:\/\/www.sacrecoeurvercel.com\/index.php\/2020\/12\/01\/le-nouveau-conseil-departemental-des-jeunes-est-arrive\/","title":{"rendered":"le nouveau conseil d\u00e9partemental des jeunes est arriv\u00e9!"},"content":{"rendered":"\n<figure class=\"wp-block-image size-large is-resized\"><img decoding=\"async\" loading=\"lazy\" src=\"https:\/\/www.sacrecoeurvercel.com\/wp-content\/uploads\/2020\/12\/photo-conseil-d\u00e9partemental-compr-1.jpg\" alt=\"\" class=\"wp-image-2214\" width=\"533\" height=\"399\" srcset=\"https:\/\/www.sacrecoeurvercel.com\/wp-content\/uploads\/2020\/12\/photo-conseil-d\u00e9partemental-compr-1.jpg 448w, https:\/\/www.sacrecoeurvercel.com\/wp-content\/uploads\/2020\/12\/photo-conseil-d\u00e9partemental-compr-1-300x225.jpg 300w\" sizes=\"(max-width: 533px) 100vw, 533px\" \/><\/figure>\n\n\n\n<p>Parmi ce nouveau conseil, r\u00e9uni le 28 octobre 2020 pour la premi\u00e8re fois, nous pouvons f\u00e9liciter notre \u00e9l\u00e8ve, Th\u00e9ophane Girardet Bourdier ! <\/p>\n\n\n\n<p>Il est \u00e9lu pour 2 ann\u00e9es, et il va mener avec les autres coll\u00e9giens, les projets \u00e0 destination de tous les \u00e9l\u00e8ves de coll\u00e8ge du Doubs.<\/p>\n\n\n\n<figure class=\"is-layout-flex wp-block-gallery-1 wp-block-gallery columns-0 is-cropped\"><ul class=\"blocks-gallery-grid\"><\/ul><\/figure>\n","protected":false},"excerpt":{"rendered":"<p>Parmi ce nouveau conseil, r\u00e9uni le 28 octobre 2020 pour la premi\u00e8re fois, nous pouvons f\u00e9liciter notre \u00e9l\u00e8ve, Th\u00e9ophane Girardet Bourdier ! Il est \u00e9lu pour 2 ann\u00e9es, et il va mener avec les autres&#8230;<\/p>\n","protected":false},"author":8,"featured_media":2215,"comment_status":"closed","ping_status":"closed","sticky":false,"template":"","format":"standard","meta":[],"categories":[7,4],"tags":[],"_links":{"self":[{"href":"https:\/\/www.sacrecoeurvercel.com\/index.php\/wp-json\/wp\/v2\/posts\/2213"}],"collection":[{"href":"https:\/\/www.sacrecoeurvercel.com\/index.php\/wp-json\/wp\/v2\/posts"}],"about":[{"href":"https:\/\/www.sacrecoeurvercel.com\/index.php\/wp-json\/wp\/v2\/types\/post"}],"author":[{"embeddable":true,"href":"https:\/\/www.sacrecoeurvercel.com\/index.php\/wp-json\/wp\/v2\/users\/8"}],"replies":[{"embeddable":true,"href":"https:\/\/www.sacrecoeurvercel.com\/index.php\/wp-json\/wp\/v2\/comments?post=2213"}],"version-history":[{"count":1,"href":"https:\/\/www.sacrecoeurvercel.com\/index.php\/wp-json\/wp\/v2\/posts\/2213\/revisions"}],"predecessor-version":[{"id":2216,"href":"https:\/\/www.sacrecoeurvercel.com\/index.php\/wp-json\/wp\/v2\/posts\/2213\/revisions\/2216"}],"wp:featuredmedia":[{"embeddable":true,"href":"https:\/\/www.sacrecoeurvercel.com\/index.php\/wp-json\/wp\/v2\/media\/2215"}],"wp:attachment":[{"href":"https:\/\/www.sacrecoeurvercel.com\/index.php\/wp-json\/wp\/v2\/media?parent=2213"}],"wp:term":[{"taxonomy":"category","embeddable":true,"href":"https:\/\/www.sacrecoeurvercel.com\/index.php\/wp-json\/wp\/v2\/categories?post=2213"},{"taxonomy":"post_tag","embeddable":true,"href":"https:\/\/www.sacrecoeurvercel.com\/index.php\/wp-json\/wp\/v2\/tags?post=2213"}],"curies":[{"name":"wp","href":"https:\/\/api.w.org\/{rel}","templated":true}]}}