{"id":2224,"date":"2020-12-10T08:40:00","date_gmt":"2020-12-10T08:40:00","guid":{"rendered":"https:\/\/www.sacrecoeurvercel.com\/?p=2224"},"modified":"2020-12-03T08:50:09","modified_gmt":"2020-12-03T08:50:09","slug":"2224","status":"publish","type":"post","link":"https:\/\/www.sacrecoeurvercel.com\/index.php\/2020\/12\/10\/2224\/","title":{"rendered":"1,2,3 Action !"},"content":{"rendered":"\n<div class=\"wp-block-image\"><figure class=\"aligncenter size-large is-resized\"><img decoding=\"async\" loading=\"lazy\" src=\"https:\/\/www.sacrecoeurvercel.com\/wp-content\/uploads\/2020\/12\/photo-3-TF1.jpg\" alt=\"\" class=\"wp-image-2225\" width=\"186\" height=\"248\" srcset=\"https:\/\/www.sacrecoeurvercel.com\/wp-content\/uploads\/2020\/12\/photo-3-TF1.jpg 720w, https:\/\/www.sacrecoeurvercel.com\/wp-content\/uploads\/2020\/12\/photo-3-TF1-225x300.jpg 225w\" sizes=\"(max-width: 186px) 100vw, 186px\" \/><\/figure><\/div>\n\n\n\n<p>1,2,3 Action!<br><\/p>\n\n\n\n<p>Tournage  dans notre \u00e9tablissement avec l&rsquo;\u00e9quipe de TF1, pour un reportage diffus\u00e9 au&nbsp; JT de 20h le 02\/12\/2020.<\/p>\n\n\n\n<p>Nos \u00e9l\u00e8ves de 5 ieme ont d\u00e9couvert et ont particip\u00e9 au programme sur la pleine conscience, l&rsquo;ann\u00e9e derni\u00e8re.<\/p>\n\n\n\n<p>Ils ont \u00e9t\u00e9 heureux de t\u00e9moigner.<\/p>\n\n\n\n<p><\/p>\n\n\n\n<div class=\"wp-block-image\"><figure class=\"aligncenter size-large is-resized\"><img decoding=\"async\" loading=\"lazy\" src=\"https:\/\/www.sacrecoeurvercel.com\/wp-content\/uploads\/2020\/12\/photo-TF1.jpg\" alt=\"\" class=\"wp-image-2227\" width=\"270\" height=\"360\" srcset=\"https:\/\/www.sacrecoeurvercel.com\/wp-content\/uploads\/2020\/12\/photo-TF1.jpg 720w, https:\/\/www.sacrecoeurvercel.com\/wp-content\/uploads\/2020\/12\/photo-TF1-225x300.jpg 225w\" sizes=\"(max-width: 270px) 100vw, 270px\" \/><\/figure><\/div>\n","protected":false},"excerpt":{"rendered":"<p>1,2,3 Action! Tournage dans notre \u00e9tablissement avec l&rsquo;\u00e9quipe de TF1, pour un reportage diffus\u00e9 au&nbsp; JT de 20h le 02\/12\/2020. Nos \u00e9l\u00e8ves de 5 ieme ont d\u00e9couvert et ont particip\u00e9 au programme sur la pleine&#8230;<\/p>\n","protected":false},"author":8,"featured_media":2226,"comment_status":"closed","ping_status":"closed","sticky":false,"template":"","format":"standard","meta":[],"categories":[7,4],"tags":[],"_links":{"self":[{"href":"https:\/\/www.sacrecoeurvercel.com\/index.php\/wp-json\/wp\/v2\/posts\/2224"}],"collection":[{"href":"https:\/\/www.sacrecoeurvercel.com\/index.php\/wp-json\/wp\/v2\/posts"}],"about":[{"href":"https:\/\/www.sacrecoeurvercel.com\/index.php\/wp-json\/wp\/v2\/types\/post"}],"author":[{"embeddable":true,"href":"https:\/\/www.sacrecoeurvercel.com\/index.php\/wp-json\/wp\/v2\/users\/8"}],"replies":[{"embeddable":true,"href":"https:\/\/www.sacrecoeurvercel.com\/index.php\/wp-json\/wp\/v2\/comments?post=2224"}],"version-history":[{"count":2,"href":"https:\/\/www.sacrecoeurvercel.com\/index.php\/wp-json\/wp\/v2\/posts\/2224\/revisions"}],"predecessor-version":[{"id":2229,"href":"https:\/\/www.sacrecoeurvercel.com\/index.php\/wp-json\/wp\/v2\/posts\/2224\/revisions\/2229"}],"wp:featuredmedia":[{"embeddable":true,"href":"https:\/\/www.sacrecoeurvercel.com\/index.php\/wp-json\/wp\/v2\/media\/2226"}],"wp:attachment":[{"href":"https:\/\/www.sacrecoeurvercel.com\/index.php\/wp-json\/wp\/v2\/media?parent=2224"}],"wp:term":[{"taxonomy":"category","embeddable":true,"href":"https:\/\/www.sacrecoeurvercel.com\/index.php\/wp-json\/wp\/v2\/categories?post=2224"},{"taxonomy":"post_tag","embeddable":true,"href":"https:\/\/www.sacrecoeurvercel.com\/index.php\/wp-json\/wp\/v2\/tags?post=2224"}],"curies":[{"name":"wp","href":"https:\/\/api.w.org\/{rel}","templated":true}]}}