{"id":2231,"date":"2020-12-14T09:37:00","date_gmt":"2020-12-14T09:37:00","guid":{"rendered":"https:\/\/www.sacrecoeurvercel.com\/?p=2231"},"modified":"2020-12-07T09:49:00","modified_gmt":"2020-12-07T09:49:00","slug":"activites-pour-les-eleves-de-cp-ce1-de-mme-mourot","status":"publish","type":"post","link":"https:\/\/www.sacrecoeurvercel.com\/index.php\/2020\/12\/14\/activites-pour-les-eleves-de-cp-ce1-de-mme-mourot\/","title":{"rendered":"Activit\u00e9s pour les \u00e9l\u00e8ves de CP\/CE1 de Mme MOUROT"},"content":{"rendered":"\n<div class=\"is-layout-flow wp-block-group\"><div class=\"wp-block-group__inner-container\">\n<div class=\"wp-block-image\"><figure class=\"aligncenter size-large is-resized\"><img decoding=\"async\" loading=\"lazy\" src=\"https:\/\/www.sacrecoeurvercel.com\/wp-content\/uploads\/2020\/12\/les-animaux-feuilles-1-comp.jpg\" alt=\"\" class=\"wp-image-2234\" width=\"234\" height=\"312\" srcset=\"https:\/\/www.sacrecoeurvercel.com\/wp-content\/uploads\/2020\/12\/les-animaux-feuilles-1-comp.jpg 336w, https:\/\/www.sacrecoeurvercel.com\/wp-content\/uploads\/2020\/12\/les-animaux-feuilles-1-comp-225x300.jpg 225w\" sizes=\"(max-width: 234px) 100vw, 234px\" \/><figcaption>Cr\u00e9ation d&rsquo;animaux avec les feuilles des arbres trouv\u00e9s dans la cour de l&rsquo;\u00e9cole<\/figcaption><\/figure><\/div>\n\n\n\n<div class=\"is-layout-flow wp-block-group\"><div class=\"wp-block-group__inner-container\">\n<figure class=\"wp-block-image size-large is-resized\"><img decoding=\"async\" loading=\"lazy\" src=\"https:\/\/www.sacrecoeurvercel.com\/wp-content\/uploads\/2020\/12\/reconnaissance-des-feuilles-comp-2-rotated.jpg\" alt=\"\" class=\"wp-image-2235\" width=\"209\" height=\"279\" srcset=\"https:\/\/www.sacrecoeurvercel.com\/wp-content\/uploads\/2020\/12\/reconnaissance-des-feuilles-comp-2-rotated.jpg 336w, https:\/\/www.sacrecoeurvercel.com\/wp-content\/uploads\/2020\/12\/reconnaissance-des-feuilles-comp-2-225x300.jpg 225w\" sizes=\"(max-width: 209px) 100vw, 209px\" \/><figcaption>Travail sur les arbres et leurs feuilles<\/figcaption><\/figure>\n<\/div><\/div>\n<\/div><\/div>\n\n\n\n<figure class=\"wp-block-image size-large is-resized\"><img decoding=\"async\" loading=\"lazy\" src=\"https:\/\/www.sacrecoeurvercel.com\/wp-content\/uploads\/2020\/12\/Difference-Hetre-Charme-Charmille-Fagus-Carpinus-1-1.jpg\" alt=\"\" class=\"wp-image-2237\" width=\"276\" height=\"117\" srcset=\"https:\/\/www.sacrecoeurvercel.com\/wp-content\/uploads\/2020\/12\/Difference-Hetre-Charme-Charmille-Fagus-Carpinus-1-1.jpg 935w, https:\/\/www.sacrecoeurvercel.com\/wp-content\/uploads\/2020\/12\/Difference-Hetre-Charme-Charmille-Fagus-Carpinus-1-1-300x128.jpg 300w, https:\/\/www.sacrecoeurvercel.com\/wp-content\/uploads\/2020\/12\/Difference-Hetre-Charme-Charmille-Fagus-Carpinus-1-1-768x327.jpg 768w\" sizes=\"(max-width: 276px) 100vw, 276px\" \/><\/figure>\n\n\n\n<figure class=\"is-layout-flex wp-block-gallery-3 wp-block-gallery columns-0 is-cropped\"><ul class=\"blocks-gallery-grid\"><\/ul><\/figure>\n\n\n\n<div class=\"is-layout-flow wp-block-group\"><div class=\"wp-block-group__inner-container\">\n<div class=\"wp-block-image\"><figure class=\"aligncenter size-large is-resized\"><img decoding=\"async\" loading=\"lazy\" src=\"https:\/\/www.sacrecoeurvercel.com\/wp-content\/uploads\/2020\/12\/erable-1-724x1024.jpg\" alt=\"\" class=\"wp-image-2239\" width=\"158\" height=\"223\" srcset=\"https:\/\/www.sacrecoeurvercel.com\/wp-content\/uploads\/2020\/12\/erable-1-724x1024.jpg 724w, https:\/\/www.sacrecoeurvercel.com\/wp-content\/uploads\/2020\/12\/erable-1-212x300.jpg 212w, https:\/\/www.sacrecoeurvercel.com\/wp-content\/uploads\/2020\/12\/erable-1-768x1086.jpg 768w, https:\/\/www.sacrecoeurvercel.com\/wp-content\/uploads\/2020\/12\/erable-1-1086x1536.jpg 1086w, https:\/\/www.sacrecoeurvercel.com\/wp-content\/uploads\/2020\/12\/erable-1-1448x2048.jpg 1448w, https:\/\/www.sacrecoeurvercel.com\/wp-content\/uploads\/2020\/12\/erable-1-scaled.jpg 1810w\" sizes=\"(max-width: 158px) 100vw, 158px\" \/><\/figure><\/div>\n<\/div><\/div>\n","protected":false},"excerpt":{"rendered":"<p>Cr\u00e9ation d&rsquo;animaux avec les feuilles des arbres trouv\u00e9s dans la cour de l&rsquo;\u00e9cole Travail sur les arbres et leurs feuilles<\/p>\n","protected":false},"author":8,"featured_media":2234,"comment_status":"closed","ping_status":"closed","sticky":false,"template":"","format":"standard","meta":[],"categories":[4,6],"tags":[],"_links":{"self":[{"href":"https:\/\/www.sacrecoeurvercel.com\/index.php\/wp-json\/wp\/v2\/posts\/2231"}],"collection":[{"href":"https:\/\/www.sacrecoeurvercel.com\/index.php\/wp-json\/wp\/v2\/posts"}],"about":[{"href":"https:\/\/www.sacrecoeurvercel.com\/index.php\/wp-json\/wp\/v2\/types\/post"}],"author":[{"embeddable":true,"href":"https:\/\/www.sacrecoeurvercel.com\/index.php\/wp-json\/wp\/v2\/users\/8"}],"replies":[{"embeddable":true,"href":"https:\/\/www.sacrecoeurvercel.com\/index.php\/wp-json\/wp\/v2\/comments?post=2231"}],"version-history":[{"count":1,"href":"https:\/\/www.sacrecoeurvercel.com\/index.php\/wp-json\/wp\/v2\/posts\/2231\/revisions"}],"predecessor-version":[{"id":2241,"href":"https:\/\/www.sacrecoeurvercel.com\/index.php\/wp-json\/wp\/v2\/posts\/2231\/revisions\/2241"}],"wp:featuredmedia":[{"embeddable":true,"href":"https:\/\/www.sacrecoeurvercel.com\/index.php\/wp-json\/wp\/v2\/media\/2234"}],"wp:attachment":[{"href":"https:\/\/www.sacrecoeurvercel.com\/index.php\/wp-json\/wp\/v2\/media?parent=2231"}],"wp:term":[{"taxonomy":"category","embeddable":true,"href":"https:\/\/www.sacrecoeurvercel.com\/index.php\/wp-json\/wp\/v2\/categories?post=2231"},{"taxonomy":"post_tag","embeddable":true,"href":"https:\/\/www.sacrecoeurvercel.com\/index.php\/wp-json\/wp\/v2\/tags?post=2231"}],"curies":[{"name":"wp","href":"https:\/\/api.w.org\/{rel}","templated":true}]}}