{"id":2258,"date":"2021-01-08T15:43:00","date_gmt":"2021-01-08T15:43:00","guid":{"rendered":"https:\/\/www.sacrecoeurvercel.com\/?p=2258"},"modified":"2021-01-04T15:48:51","modified_gmt":"2021-01-04T15:48:51","slug":"temps-fort-de-noel-pour-nos-collegiens","status":"publish","type":"post","link":"https:\/\/www.sacrecoeurvercel.com\/index.php\/2021\/01\/08\/temps-fort-de-noel-pour-nos-collegiens\/","title":{"rendered":"Temps fort de No\u00ebl pour nos coll\u00e9giens"},"content":{"rendered":"\n<p> Temps fort de No\u00ebl le vendredi 18 d\u00e9cembre 2020 pour nos coll\u00e9giens, sur le th\u00e8me : Les c\u00e9l\u00e9brit\u00e9s porteuses d&rsquo;espoir et de bonnes actions. <\/p>\n\n\n\n<figure class=\"wp-block-image size-large is-resized\"><img decoding=\"async\" loading=\"lazy\" src=\"https:\/\/www.sacrecoeurvercel.com\/wp-content\/uploads\/2021\/01\/tps-fort-comp.jpg\" alt=\"\" class=\"wp-image-2259\" width=\"325\" height=\"183\" srcset=\"https:\/\/www.sacrecoeurvercel.com\/wp-content\/uploads\/2021\/01\/tps-fort-comp.jpg 448w, https:\/\/www.sacrecoeurvercel.com\/wp-content\/uploads\/2021\/01\/tps-fort-comp-300x169.jpg 300w, https:\/\/www.sacrecoeurvercel.com\/wp-content\/uploads\/2021\/01\/tps-fort-comp-260x146.jpg 260w, https:\/\/www.sacrecoeurvercel.com\/wp-content\/uploads\/2021\/01\/tps-fort-comp-120x67.jpg 120w\" sizes=\"(max-width: 325px) 100vw, 325px\" \/><\/figure>\n\n\n\n<div class=\"wp-block-image\"><figure class=\"alignright size-large is-resized\"><img decoding=\"async\" loading=\"lazy\" src=\"https:\/\/www.sacrecoeurvercel.com\/wp-content\/uploads\/2021\/01\/temps-fort-comp.jpg\" alt=\"\" class=\"wp-image-2260\" width=\"358\" height=\"201\" srcset=\"https:\/\/www.sacrecoeurvercel.com\/wp-content\/uploads\/2021\/01\/temps-fort-comp.jpg 448w, https:\/\/www.sacrecoeurvercel.com\/wp-content\/uploads\/2021\/01\/temps-fort-comp-300x169.jpg 300w, https:\/\/www.sacrecoeurvercel.com\/wp-content\/uploads\/2021\/01\/temps-fort-comp-260x146.jpg 260w, https:\/\/www.sacrecoeurvercel.com\/wp-content\/uploads\/2021\/01\/temps-fort-comp-120x67.jpg 120w\" sizes=\"(max-width: 358px) 100vw, 358px\" \/><\/figure><\/div>\n","protected":false},"excerpt":{"rendered":"<p>Temps fort de No\u00ebl le vendredi 18 d\u00e9cembre 2020 pour nos coll\u00e9giens, sur le th\u00e8me : Les c\u00e9l\u00e9brit\u00e9s porteuses d&rsquo;espoir et de bonnes actions.<\/p>\n","protected":false},"author":8,"featured_media":2261,"comment_status":"closed","ping_status":"closed","sticky":false,"template":"","format":"standard","meta":[],"categories":[7,4,23],"tags":[],"_links":{"self":[{"href":"https:\/\/www.sacrecoeurvercel.com\/index.php\/wp-json\/wp\/v2\/posts\/2258"}],"collection":[{"href":"https:\/\/www.sacrecoeurvercel.com\/index.php\/wp-json\/wp\/v2\/posts"}],"about":[{"href":"https:\/\/www.sacrecoeurvercel.com\/index.php\/wp-json\/wp\/v2\/types\/post"}],"author":[{"embeddable":true,"href":"https:\/\/www.sacrecoeurvercel.com\/index.php\/wp-json\/wp\/v2\/users\/8"}],"replies":[{"embeddable":true,"href":"https:\/\/www.sacrecoeurvercel.com\/index.php\/wp-json\/wp\/v2\/comments?post=2258"}],"version-history":[{"count":1,"href":"https:\/\/www.sacrecoeurvercel.com\/index.php\/wp-json\/wp\/v2\/posts\/2258\/revisions"}],"predecessor-version":[{"id":2262,"href":"https:\/\/www.sacrecoeurvercel.com\/index.php\/wp-json\/wp\/v2\/posts\/2258\/revisions\/2262"}],"wp:featuredmedia":[{"embeddable":true,"href":"https:\/\/www.sacrecoeurvercel.com\/index.php\/wp-json\/wp\/v2\/media\/2261"}],"wp:attachment":[{"href":"https:\/\/www.sacrecoeurvercel.com\/index.php\/wp-json\/wp\/v2\/media?parent=2258"}],"wp:term":[{"taxonomy":"category","embeddable":true,"href":"https:\/\/www.sacrecoeurvercel.com\/index.php\/wp-json\/wp\/v2\/categories?post=2258"},{"taxonomy":"post_tag","embeddable":true,"href":"https:\/\/www.sacrecoeurvercel.com\/index.php\/wp-json\/wp\/v2\/tags?post=2258"}],"curies":[{"name":"wp","href":"https:\/\/api.w.org\/{rel}","templated":true}]}}