{"id":2265,"date":"2021-01-21T08:17:34","date_gmt":"2021-01-21T08:17:34","guid":{"rendered":"https:\/\/www.sacrecoeurvercel.com\/?p=2265"},"modified":"2021-01-21T08:17:34","modified_gmt":"2021-01-21T08:17:34","slug":"sortie-a-la-neige-pour-les-eleves-du-primaire","status":"publish","type":"post","link":"https:\/\/www.sacrecoeurvercel.com\/index.php\/2021\/01\/21\/sortie-a-la-neige-pour-les-eleves-du-primaire\/","title":{"rendered":"Sortie \u00e0 la neige pour les \u00e9l\u00e8ves du primaire!"},"content":{"rendered":"\n<div class=\"wp-block-image\"><figure class=\"alignleft size-large is-resized\"><img decoding=\"async\" loading=\"lazy\" src=\"https:\/\/www.sacrecoeurvercel.com\/wp-content\/uploads\/2021\/01\/sortie-luge-1-rotated.jpg\" alt=\"\" class=\"wp-image-2266\" width=\"214\" height=\"285\" srcset=\"https:\/\/www.sacrecoeurvercel.com\/wp-content\/uploads\/2021\/01\/sortie-luge-1-rotated.jpg 336w, https:\/\/www.sacrecoeurvercel.com\/wp-content\/uploads\/2021\/01\/sortie-luge-1-225x300.jpg 225w\" sizes=\"(max-width: 214px) 100vw, 214px\" \/><\/figure><\/div>\n\n\n\n<figure class=\"wp-block-image size-large is-resized\"><img decoding=\"async\" loading=\"lazy\" src=\"https:\/\/www.sacrecoeurvercel.com\/wp-content\/uploads\/2021\/01\/sortie-1.jpg\" alt=\"\" class=\"wp-image-2268\" width=\"254\" height=\"191\" srcset=\"https:\/\/www.sacrecoeurvercel.com\/wp-content\/uploads\/2021\/01\/sortie-1.jpg 448w, https:\/\/www.sacrecoeurvercel.com\/wp-content\/uploads\/2021\/01\/sortie-1-300x225.jpg 300w\" sizes=\"(max-width: 254px) 100vw, 254px\" \/><\/figure>\n\n\n\n<div class=\"wp-block-image\"><figure class=\"aligncenter size-large is-resized\"><img decoding=\"async\" loading=\"lazy\" src=\"https:\/\/www.sacrecoeurvercel.com\/wp-content\/uploads\/2021\/01\/photo-sortie.jpg\" alt=\"\" class=\"wp-image-2267\" width=\"295\" height=\"221\" srcset=\"https:\/\/www.sacrecoeurvercel.com\/wp-content\/uploads\/2021\/01\/photo-sortie.jpg 448w, https:\/\/www.sacrecoeurvercel.com\/wp-content\/uploads\/2021\/01\/photo-sortie-300x225.jpg 300w\" sizes=\"(max-width: 295px) 100vw, 295px\" \/><\/figure><\/div>\n\n\n\n<p>Sorties pour les \u00e9l\u00e8ves de CP, CE1, CE2 et CM1, soit en luge, soit jeu dans la neige.<\/p>\n","protected":false},"excerpt":{"rendered":"<p>Sorties pour les \u00e9l\u00e8ves de CP, CE1, CE2 et CM1, soit en luge, soit jeu dans la neige.<\/p>\n","protected":false},"author":8,"featured_media":2269,"comment_status":"closed","ping_status":"closed","sticky":false,"template":"","format":"standard","meta":[],"categories":[4,6],"tags":[],"_links":{"self":[{"href":"https:\/\/www.sacrecoeurvercel.com\/index.php\/wp-json\/wp\/v2\/posts\/2265"}],"collection":[{"href":"https:\/\/www.sacrecoeurvercel.com\/index.php\/wp-json\/wp\/v2\/posts"}],"about":[{"href":"https:\/\/www.sacrecoeurvercel.com\/index.php\/wp-json\/wp\/v2\/types\/post"}],"author":[{"embeddable":true,"href":"https:\/\/www.sacrecoeurvercel.com\/index.php\/wp-json\/wp\/v2\/users\/8"}],"replies":[{"embeddable":true,"href":"https:\/\/www.sacrecoeurvercel.com\/index.php\/wp-json\/wp\/v2\/comments?post=2265"}],"version-history":[{"count":1,"href":"https:\/\/www.sacrecoeurvercel.com\/index.php\/wp-json\/wp\/v2\/posts\/2265\/revisions"}],"predecessor-version":[{"id":2270,"href":"https:\/\/www.sacrecoeurvercel.com\/index.php\/wp-json\/wp\/v2\/posts\/2265\/revisions\/2270"}],"wp:featuredmedia":[{"embeddable":true,"href":"https:\/\/www.sacrecoeurvercel.com\/index.php\/wp-json\/wp\/v2\/media\/2269"}],"wp:attachment":[{"href":"https:\/\/www.sacrecoeurvercel.com\/index.php\/wp-json\/wp\/v2\/media?parent=2265"}],"wp:term":[{"taxonomy":"category","embeddable":true,"href":"https:\/\/www.sacrecoeurvercel.com\/index.php\/wp-json\/wp\/v2\/categories?post=2265"},{"taxonomy":"post_tag","embeddable":true,"href":"https:\/\/www.sacrecoeurvercel.com\/index.php\/wp-json\/wp\/v2\/tags?post=2265"}],"curies":[{"name":"wp","href":"https:\/\/api.w.org\/{rel}","templated":true}]}}