{"id":2277,"date":"2021-01-26T14:31:36","date_gmt":"2021-01-26T14:31:36","guid":{"rendered":"https:\/\/www.sacrecoeurvercel.com\/?p=2277"},"modified":"2021-01-26T14:31:36","modified_gmt":"2021-01-26T14:31:36","slug":"inscription-rentree-2021","status":"publish","type":"post","link":"https:\/\/www.sacrecoeurvercel.com\/index.php\/2021\/01\/26\/inscription-rentree-2021\/","title":{"rendered":"Inscription rentr\u00e9e 2021"},"content":{"rendered":"\n<p> Bonjour,\u00a0<\/p>\n\n\n\n<p>Au vue de l&rsquo;actualit\u00e9, nous sommes dans l&rsquo;obligation d&rsquo;annuler nos portes ouvertes pr\u00e9vues en Mars , et nous en sommes bien d\u00e9sol\u00e9s.<\/p>\n\n\n\n<p>Pour les parents qui souhaitent se renseigner, ou inscrire leurs enfants de la maternelle jusqu&rsquo;en 3 ieme, pour la rentr\u00e9e de Septembre 2021, merci de contacter notre \u00e9tablissement au 03.81.58.36.24. ou par mail \u00e0 sacre-coeur@wanadoo.frA bient\u00f4t! <\/p>\n\n\n\n<div class=\"wp-block-image\"><figure class=\"aligncenter size-large is-resized\"><img decoding=\"async\" loading=\"lazy\" src=\"https:\/\/www.sacrecoeurvercel.com\/wp-content\/uploads\/2021\/01\/unnamed.jpg\" alt=\"\" class=\"wp-image-2279\" width=\"394\" height=\"254\" srcset=\"https:\/\/www.sacrecoeurvercel.com\/wp-content\/uploads\/2021\/01\/unnamed.jpg 512w, https:\/\/www.sacrecoeurvercel.com\/wp-content\/uploads\/2021\/01\/unnamed-300x193.jpg 300w\" sizes=\"(max-width: 394px) 100vw, 394px\" \/><\/figure><\/div>\n\n\n\n<figure class=\"wp-block-image\"><img alt=\"\"\/><\/figure>\n","protected":false},"excerpt":{"rendered":"<p>Bonjour,\u00a0 Au vue de l&rsquo;actualit\u00e9, nous sommes dans l&rsquo;obligation d&rsquo;annuler nos portes ouvertes pr\u00e9vues en Mars , et nous en sommes bien d\u00e9sol\u00e9s. Pour les parents qui souhaitent se renseigner, ou inscrire leurs enfants de&#8230;<\/p>\n","protected":false},"author":8,"featured_media":2278,"comment_status":"closed","ping_status":"closed","sticky":false,"template":"","format":"standard","meta":[],"categories":[7,4,6],"tags":[],"_links":{"self":[{"href":"https:\/\/www.sacrecoeurvercel.com\/index.php\/wp-json\/wp\/v2\/posts\/2277"}],"collection":[{"href":"https:\/\/www.sacrecoeurvercel.com\/index.php\/wp-json\/wp\/v2\/posts"}],"about":[{"href":"https:\/\/www.sacrecoeurvercel.com\/index.php\/wp-json\/wp\/v2\/types\/post"}],"author":[{"embeddable":true,"href":"https:\/\/www.sacrecoeurvercel.com\/index.php\/wp-json\/wp\/v2\/users\/8"}],"replies":[{"embeddable":true,"href":"https:\/\/www.sacrecoeurvercel.com\/index.php\/wp-json\/wp\/v2\/comments?post=2277"}],"version-history":[{"count":1,"href":"https:\/\/www.sacrecoeurvercel.com\/index.php\/wp-json\/wp\/v2\/posts\/2277\/revisions"}],"predecessor-version":[{"id":2280,"href":"https:\/\/www.sacrecoeurvercel.com\/index.php\/wp-json\/wp\/v2\/posts\/2277\/revisions\/2280"}],"wp:featuredmedia":[{"embeddable":true,"href":"https:\/\/www.sacrecoeurvercel.com\/index.php\/wp-json\/wp\/v2\/media\/2278"}],"wp:attachment":[{"href":"https:\/\/www.sacrecoeurvercel.com\/index.php\/wp-json\/wp\/v2\/media?parent=2277"}],"wp:term":[{"taxonomy":"category","embeddable":true,"href":"https:\/\/www.sacrecoeurvercel.com\/index.php\/wp-json\/wp\/v2\/categories?post=2277"},{"taxonomy":"post_tag","embeddable":true,"href":"https:\/\/www.sacrecoeurvercel.com\/index.php\/wp-json\/wp\/v2\/tags?post=2277"}],"curies":[{"name":"wp","href":"https:\/\/api.w.org\/{rel}","templated":true}]}}