{"id":2307,"date":"2021-03-23T11:17:00","date_gmt":"2021-03-23T11:17:00","guid":{"rendered":"https:\/\/www.sacrecoeurvercel.com\/?p=2307"},"modified":"2021-03-23T11:20:36","modified_gmt":"2021-03-23T11:20:36","slug":"demonstration-arts-du-cirque-a-nos-eleves-de-maternelle","status":"publish","type":"post","link":"https:\/\/www.sacrecoeurvercel.com\/index.php\/2021\/03\/23\/demonstration-arts-du-cirque-a-nos-eleves-de-maternelle\/","title":{"rendered":"D\u00e9monstration arts du cirque \u00e0 nos \u00e9l\u00e8ves de maternelle !"},"content":{"rendered":"\n<p>\nD\u00e9monstration arts du cirque pour les enfants de maternelle par nos coll\u00e9giens le vendredi 12 mars.Apr\u00e8s une d\u00e9monstration des coll\u00e9giens, les enfants de maternelle sont devenus des artistes en herbe en s&rsquo;essayant au jonglage, \u00e0 l&rsquo;\u00e9quilibre sur un tonneau&#8230;Un grand merci aux coll\u00e9giens et \u00e0 leur professeur pour ce moment magique.\n\n<\/p>\n\n\n\n<figure class=\"wp-block-image size-large is-resized\"><img decoding=\"async\" loading=\"lazy\" src=\"https:\/\/www.sacrecoeurvercel.com\/wp-content\/uploads\/2021\/03\/photo-2-cirque-compr.jpg\" alt=\"\" class=\"wp-image-2309\" width=\"371\" height=\"278\" srcset=\"https:\/\/www.sacrecoeurvercel.com\/wp-content\/uploads\/2021\/03\/photo-2-cirque-compr.jpg 448w, https:\/\/www.sacrecoeurvercel.com\/wp-content\/uploads\/2021\/03\/photo-2-cirque-compr-300x225.jpg 300w\" sizes=\"(max-width: 371px) 100vw, 371px\" \/><\/figure>\n\n\n\n<figure class=\"wp-block-image size-large is-resized\"><img decoding=\"async\" loading=\"lazy\" src=\"https:\/\/www.sacrecoeurvercel.com\/wp-content\/uploads\/2021\/03\/photo-1-compress\u00e9.jpg\" alt=\"\" class=\"wp-image-2310\" width=\"299\" height=\"224\" srcset=\"https:\/\/www.sacrecoeurvercel.com\/wp-content\/uploads\/2021\/03\/photo-1-compress\u00e9.jpg 448w, https:\/\/www.sacrecoeurvercel.com\/wp-content\/uploads\/2021\/03\/photo-1-compress\u00e9-300x225.jpg 300w\" sizes=\"(max-width: 299px) 100vw, 299px\" \/><\/figure>\n","protected":false},"excerpt":{"rendered":"<p>D\u00e9monstration arts du cirque pour les enfants de maternelle par nos coll\u00e9giens le vendredi 12 mars.Apr\u00e8s une d\u00e9monstration des coll\u00e9giens, les enfants de maternelle sont devenus des artistes en herbe en s&rsquo;essayant au jonglage, \u00e0&#8230;<\/p>\n","protected":false},"author":8,"featured_media":2308,"comment_status":"closed","ping_status":"closed","sticky":false,"template":"","format":"standard","meta":[],"categories":[7,4,6,23],"tags":[],"_links":{"self":[{"href":"https:\/\/www.sacrecoeurvercel.com\/index.php\/wp-json\/wp\/v2\/posts\/2307"}],"collection":[{"href":"https:\/\/www.sacrecoeurvercel.com\/index.php\/wp-json\/wp\/v2\/posts"}],"about":[{"href":"https:\/\/www.sacrecoeurvercel.com\/index.php\/wp-json\/wp\/v2\/types\/post"}],"author":[{"embeddable":true,"href":"https:\/\/www.sacrecoeurvercel.com\/index.php\/wp-json\/wp\/v2\/users\/8"}],"replies":[{"embeddable":true,"href":"https:\/\/www.sacrecoeurvercel.com\/index.php\/wp-json\/wp\/v2\/comments?post=2307"}],"version-history":[{"count":1,"href":"https:\/\/www.sacrecoeurvercel.com\/index.php\/wp-json\/wp\/v2\/posts\/2307\/revisions"}],"predecessor-version":[{"id":2311,"href":"https:\/\/www.sacrecoeurvercel.com\/index.php\/wp-json\/wp\/v2\/posts\/2307\/revisions\/2311"}],"wp:featuredmedia":[{"embeddable":true,"href":"https:\/\/www.sacrecoeurvercel.com\/index.php\/wp-json\/wp\/v2\/media\/2308"}],"wp:attachment":[{"href":"https:\/\/www.sacrecoeurvercel.com\/index.php\/wp-json\/wp\/v2\/media?parent=2307"}],"wp:term":[{"taxonomy":"category","embeddable":true,"href":"https:\/\/www.sacrecoeurvercel.com\/index.php\/wp-json\/wp\/v2\/categories?post=2307"},{"taxonomy":"post_tag","embeddable":true,"href":"https:\/\/www.sacrecoeurvercel.com\/index.php\/wp-json\/wp\/v2\/tags?post=2307"}],"curies":[{"name":"wp","href":"https:\/\/api.w.org\/{rel}","templated":true}]}}